[{"@context":"https:\/\/schema.org\/","@type":"Article","@id":"https:\/\/www.vvs-pv.cz\/za-rozbita-dvirka-si-objednejte-nova\/#Article","mainEntityOfPage":"https:\/\/www.vvs-pv.cz\/za-rozbita-dvirka-si-objednejte-nova\/","headline":"Za rozbit\u00e1 dv\u00ed\u0159ka si objednejte nov\u00e1","name":"Za rozbit\u00e1 dv\u00ed\u0159ka si objednejte nov\u00e1","description":"Pl\u00e1nujete novou kuchy\u0148? Nem\u00e1te inspiraci? Zkuste se pod\u00edvat na na\u0161e str\u00e1nky! U n\u00e1s najdete kvalitn\u00ed kuchy\u0148sk\u00e1 dv\u00ed\u0159ka, kter\u00e1 V\u00e1m bude&hellip;","datePublished":"2024-12-30","dateModified":"2024-12-30","author":{"@type":"Person","@id":"https:\/\/www.vvs-pv.cz\/author\/#Person","name":"","url":"https:\/\/www.vvs-pv.cz\/author\/","identifier":1,"image":{"@type":"ImageObject","@id":"https:\/\/secure.gravatar.com\/avatar\/0dc285cbe86eecc8073f119fcb2e2c7032b51533f5bb47611c7d4a598558b8b7?s=96&d=mm&r=g","url":"https:\/\/secure.gravatar.com\/avatar\/0dc285cbe86eecc8073f119fcb2e2c7032b51533f5bb47611c7d4a598558b8b7?s=96&d=mm&r=g","height":96,"width":96}},"publisher":{"@type":"Organization","name":"vvs-pv.cz","logo":{"@type":"ImageObject","@id":"\/logo.png","url":"\/logo.png","width":600,"height":60}},"url":"https:\/\/www.vvs-pv.cz\/za-rozbita-dvirka-si-objednejte-nova\/","wordCount":186,"articleBody":"Pl\u00e1nujete novou kuchy\u0148? Nem\u00e1te inspiraci? Zkuste se pod\u00edvat na na\u0161e str\u00e1nky! U n\u00e1s najdete kvalitn\u00ed kuchy\u0148sk\u00e1 dv\u00ed\u0159ka, kter\u00e1 V\u00e1m bude opravdu ka\u017ed\u00fd z\u00e1vid\u011bt. Na\u0161e firma V\u00e1m zaru\u010duje nejvy\u0161\u0161\u00ed kvalitu za rozumn\u00e9 ceny, tak nev\u00e1hejte a poj\u010fte si k n\u00e1m vybrat! D\u00edky na\u0161\u00ed \u0161irok\u00e9 nab\u00eddce si u n\u00e1s kuchy\u0148sk\u00e1 dv\u00ed\u0159ka vybere opravdu ka\u017ed\u00fd. Dohl\u00ed\u017e\u00edme na vysokou kvalitu odveden\u00e9 pr\u00e1ce a dodr\u017eujeme striktn\u011b profesion\u00e1ln\u00ed postupy. Nen\u00ed n\u00e1m ciz\u00ed ani profesion\u00e1ln\u00ed p\u0159\u00edstup a p\u00e9\u010de o z\u00e1kazn\u00edka, d\u00edky tomu na\u0161e firma funguje ji\u017e p\u0159es 13 let! Dv\u00ed\u0159ka z masivu Nab\u00eddka dv\u00ed\u0159ek je u n\u00e1s opravdu \u0161irok\u00e1, av\u0161ak tou\u017e\u00edte &#8211; li po klasice, tak pro V\u00e1s m\u00e1me dv\u00ed\u0159ka z masivu. Jejich \u00fadr\u017eba nen\u00ed sice tak snadn\u00e1 jako nap\u0159\u00edklad u akrylov\u00fdch dv\u00ed\u0159ek, ale pokud o n\u011b budete pe\u010dovat, budou V\u00e1m slou\u017eit mnoho let. Nic se nevyrovn\u00e1 patin\u011b d\u0159eva!                                                                                                                                                                                                                                                                                                                                                                                        5\/5 - (2 votes)        "},{"@context":"https:\/\/schema.org\/","@type":"BreadcrumbList","itemListElement":[{"@type":"ListItem","position":1,"name":"Za rozbit\u00e1 dv\u00ed\u0159ka si objednejte nov\u00e1","item":"https:\/\/www.vvs-pv.cz\/za-rozbita-dvirka-si-objednejte-nova\/#breadcrumbitem"}]}]