[{"@context":"https:\/\/schema.org\/","@type":"Article","@id":"https:\/\/www.vvs-pv.cz\/uzit-si-oslavu-30-narozenin-je-povinnost\/#Article","mainEntityOfPage":"https:\/\/www.vvs-pv.cz\/uzit-si-oslavu-30-narozenin-je-povinnost\/","headline":"U\u017e\u00edt si oslavu 30 narozenin je povinnost","name":"U\u017e\u00edt si oslavu 30 narozenin je povinnost","description":"\u017divot plyne ka\u017edou sekundu d\u00e1l a d\u00e1l. Nen\u00ed se tedy \u010demu divit, kdy\u017e p\u0159eci jenom jednou p\u0159es\u00e1hne hranice lidsk\u00e9ho v\u011bku&hellip;","datePublished":"2023-12-09","dateModified":"2023-12-09","author":{"@type":"Person","@id":"https:\/\/www.vvs-pv.cz\/author\/#Person","name":"","url":"https:\/\/www.vvs-pv.cz\/author\/","identifier":1,"image":{"@type":"ImageObject","@id":"https:\/\/secure.gravatar.com\/avatar\/0dc285cbe86eecc8073f119fcb2e2c7032b51533f5bb47611c7d4a598558b8b7?s=96&d=mm&r=g","url":"https:\/\/secure.gravatar.com\/avatar\/0dc285cbe86eecc8073f119fcb2e2c7032b51533f5bb47611c7d4a598558b8b7?s=96&d=mm&r=g","height":96,"width":96}},"publisher":{"@type":"Organization","name":"vvs-pv.cz","logo":{"@type":"ImageObject","@id":"\/logo.png","url":"\/logo.png","width":600,"height":60}},"url":"https:\/\/www.vvs-pv.cz\/uzit-si-oslavu-30-narozenin-je-povinnost\/","wordCount":250,"articleBody":"\u017divot plyne ka\u017edou sekundu d\u00e1l a d\u00e1l. Nen\u00ed se tedy \u010demu divit, kdy\u017e p\u0159eci jenom jednou p\u0159es\u00e1hne hranice lidsk\u00e9ho v\u011bku hranici t\u0159iceti let. Pokud se to bl\u00ed\u017e\u00ed i v\u00e1m, m\u011bli byste se ujistit o tom, \u017ee va\u0161e oslava 30 narozenin bude opravdu velkolep\u00e1. P\u0159eci jenom se tato ud\u00e1lost bude pro\u017e\u00edvat pouze jednou, a tak je d\u016fle\u017eit\u00e9, stejn\u011b jako u jin\u00fdch podobn\u00fdch ud\u00e1lost\u00ed, v\u0161e pro\u017e\u00edt naplno a v\u0161e si nadm\u00edru u\u017e\u00edvat. Pokud to tak ud\u011bl\u00e1te, v\u00e1\u0161 \u017eivot bude o mnoho bohat\u0161\u00ed a vy budete \u0161\u0165astn\u011bj\u0161\u00ed. Nen\u00ed se \u010demu divit, jde o n\u011bco, co byste si m\u011bli ur\u010dit\u011b dop\u0159\u00e1t, a to u\u017e jen z principu.Zaj\u00edmav\u00e9 \u010dinnosti potkaj\u00ed ka\u017ed\u00e9hoJde o b\u00e1je\u010dnou z\u00e1bavu, kter\u00e1 nen\u00ed ur\u010den\u00e1 jen pro d\u011bti, jak by se mohlo na prvn\u00ed pohled zd\u00e1t. Naopak, jedn\u00e1 se o \u010dinnosti, kterou si ve velk\u00e9m oblibuj\u00ed hlavn\u011b star\u0161\u00ed lid\u00e9, kte\u0159\u00ed ve sv\u00e9m \u017eivot\u011b vid\u011bli ji\u017e leccos. M\u016f\u017eete m\u00edt absolutn\u00ed jistotu, \u017ee p\u0159esn\u011b to bude i v\u00e1\u0161 p\u0159\u00edpad. P\u0159esv\u011bd\u010dte se o tom jednodu\u0161e sami, a to tak, \u017ee to v\u0161echno skute\u010dn\u011b za\u017eijete. Nebudete m\u00edt nic proti, nebo\u0165 jde o opravdu jedine\u010dn\u00e9 \u010dinnosti, kter\u00e9 dok\u00e1\u017eou ka\u017ed\u00e9ho \u010dlov\u011bka rozesm\u00e1t a rozveselit.                                                                                                                                                                                                                                                                                                                                                                                        3.2\/5 - (4 votes)        "},{"@context":"https:\/\/schema.org\/","@type":"BreadcrumbList","itemListElement":[{"@type":"ListItem","position":1,"name":"U\u017e\u00edt si oslavu 30 narozenin je povinnost","item":"https:\/\/www.vvs-pv.cz\/uzit-si-oslavu-30-narozenin-je-povinnost\/#breadcrumbitem"}]}]