[{"@context":"https:\/\/schema.org\/","@type":"Article","@id":"https:\/\/www.vvs-pv.cz\/tip-na-vylet-pro-milovniky-zidovskych-pamatek\/#Article","mainEntityOfPage":"https:\/\/www.vvs-pv.cz\/tip-na-vylet-pro-milovniky-zidovskych-pamatek\/","headline":"Tip na v\u00fdlet pro milovn\u00edky \u017eidovsk\u00fdch pam\u00e1tek","name":"Tip na v\u00fdlet pro milovn\u00edky \u017eidovsk\u00fdch pam\u00e1tek","description":"He\u0159man\u016fv M\u011bstec se nach\u00e1z\u00ed v\u00a0okrese Chrudim v\u00a0pardubick\u00e9m kraji na \u00fabo\u010d\u00ed \u017delezn\u00fdch hor. Jeho historie sah\u00e1 do t\u0159in\u00e1ct\u00e9ho stolet\u00ed, kdy ho&hellip;","datePublished":"2019-03-16","dateModified":"2023-05-31","author":{"@type":"Person","@id":"https:\/\/www.vvs-pv.cz\/author\/#Person","name":"","url":"https:\/\/www.vvs-pv.cz\/author\/","identifier":1,"image":{"@type":"ImageObject","@id":"https:\/\/secure.gravatar.com\/avatar\/0dc285cbe86eecc8073f119fcb2e2c7032b51533f5bb47611c7d4a598558b8b7?s=96&d=mm&r=g","url":"https:\/\/secure.gravatar.com\/avatar\/0dc285cbe86eecc8073f119fcb2e2c7032b51533f5bb47611c7d4a598558b8b7?s=96&d=mm&r=g","height":96,"width":96}},"publisher":{"@type":"Organization","name":"vvs-pv.cz","logo":{"@type":"ImageObject","@id":"\/logo.png","url":"\/logo.png","width":600,"height":60}},"image":{"@type":"ImageObject","@id":"https:\/\/www.vvs-pv.cz\/wp-content\/uploads\/img_a338876_w2289_t1551959757.jpg","url":"https:\/\/www.vvs-pv.cz\/wp-content\/uploads\/img_a338876_w2289_t1551959757.jpg","height":0,"width":0},"url":"https:\/\/www.vvs-pv.cz\/tip-na-vylet-pro-milovniky-zidovskych-pamatek\/","wordCount":384,"articleBody":"\tHe\u0159man\u016fv M\u011bstec se nach\u00e1z\u00ed v\u00a0okrese Chrudim v\u00a0pardubick\u00e9m kraji na \u00fabo\u010d\u00ed \u017delezn\u00fdch hor. Jeho historie sah\u00e1 do t\u0159in\u00e1ct\u00e9ho stolet\u00ed, kdy ho zalo\u017eil v\u00a0r\u00e1mci kolonizace \u0161lechtic He\u0159man z\u00a0Lichtenburku, ale na m\u011bsto bylo pov\u00fd\u0161eno a\u017e koncem sedmdes\u00e1t\u00fdch let \u0161estn\u00e1ct\u00e9ho stolet\u00ed c\u00edsa\u0159em Rudolfem II. Jedn\u00e1 se o mal\u00e9 m\u011bste\u010dko, kter\u00e9 \u010d\u00edt\u00e1 4\u00a0500 obyvatel. K\u00a0m\u011bstu n\u00e1le\u017e\u00ed tak\u00e9 obce Chot\u011bnice, Radl\u00edn, Konop\u00e1\u010d, Nov\u00fd Dv\u016fr a Doubrava.\tI kdy\u017e se jedn\u00e1 jen o docela mal\u00e9 m\u011bste\u010dko, najdeme zde celou \u0159adu pam\u011btihodnost\u00ed, a proto se jedn\u00e1 o m\u00edsto, kter\u00e9 rozhodn\u011b stoj\u00ed za to nav\u0161t\u00edvit. Jedn\u00e1 se p\u0159edev\u0161\u00edm o barokn\u00ed z\u00e1mek, kter\u00fd je chr\u00e1n\u011bn\u00fd jako kulturn\u00ed pam\u00e1tka \u010cesk\u00e9 republiky. Najdeme zde tak\u00e9 zbytky tvrze Mrtice, na kter\u00e9 z\u016fstaly zbytky p\u016fvodn\u00edho zdiva ze \u010dtrn\u00e1ct\u00e9ho stolet\u00ed.\tPak se jedn\u00e1 o sakr\u00e1ln\u00ed k\u0159es\u0165ansk\u00e9 pam\u00e1tky jako nap\u0159\u00edklad kostely Svat\u00e9ho Bartolom\u011bje a Zv\u011bstov\u00e1n\u00ed panny Marie a Bo\u017e\u00ed muka.\t\u00a0\t\u017didovsk\u00e9 pam\u00e1tky v\u00a0He\u0159manov\u011b m\u011bstciNa sv\u00e9 si ov\u0161em p\u0159ijdou p\u0159edev\u0161\u00edm milovn\u00edci \u017eidovsk\u00fdch pam\u00e1tek. V\u00a0He\u0159manov\u011b M\u011bstci se toti\u017e v\u00a0minulosti nach\u00e1zela v\u00fdznamn\u00e1 \u017eidovsk\u00e1 komunita.Dnes z\u016fstala po \u017eidovsk\u00e9m os\u00eddlen\u00ed jen vzpom\u00ednka v\u00a0podob\u011b \u017eidovsk\u00fdch pam\u00e1tek. Konkr\u00e9tn\u011b se jedn\u00e1 o h\u0159bitov, synagogu a \u017eidovskou \u0161kolu.\u00b7\u00a0\u00a0\u00a0\u00a0\u00a0\u00a0\u00a0\u00a0 \u017didovsk\u00fd h\u0159bitov\u2013 jedn\u00e1 se o nejstar\u0161\u00ed \u017eidovsk\u00fd h\u0159bitov v\u00a0\u0161irok\u00e9m okol\u00ed. Nejv\u00edce poh\u0159b\u016f za\u017e\u00edv\u00e1 v\u00a0patn\u00e1ct\u00e9m stolet\u00ed, kdy je \u017eidovsk\u00e1 obec t\u00e9m\u011b\u0159 zdecimovan\u00e1 epidemiemi. Posledn\u00ed poh\u0159eb se konal v\u00a0roce 1940.\u00b7\u00a0\u00a0\u00a0\u00a0\u00a0\u00a0\u00a0\u00a0 Synagoga\u2013 b\u00fdval\u00fd svatost\u00e1nek u\u017e d\u00e1vno neslou\u017e\u00ed sv\u00e9mu p\u016fvodn\u00edmu \u00fa\u010delu. Nicm\u00e9n\u011b v\u00a0p\u0159enesen\u00e9m slova smyslu ano, m\u00edsto slou\u017e\u00ed v\u00a0povzn\u00e1\u0161en\u00ed ducha jako m\u00edsto, kde se uskute\u010d\u0148uj\u00ed r\u016fzn\u00e9 kulturn\u00ed akce.\u00b7\u00a0\u00a0\u00a0\u00a0\u00a0\u00a0\u00a0\u00a0 B\u00fdval\u00e1 \u017eidovsk\u00e1 \u0161kola\u2013 \u017eidovsk\u00e1 \u0161kola po rekonstrukci slou\u017e\u00ed jako galerie.Pokud pat\u0159\u00edte mezi milovn\u00edky \u017eidovsk\u00fdch pam\u00e1tek, ur\u010dit\u011b byste m\u011bli nav\u0161t\u00edvit v\u00a0dohledn\u00e9 dob\u011b tak\u00e9 He\u0159man\u016fv M\u011bstec, ur\u010dit\u011b nebudete litovat                                                                                                                                                                                                                                                                                                                                                                                        4.3\/5 - (11 votes)        "},{"@context":"https:\/\/schema.org\/","@type":"BreadcrumbList","itemListElement":[{"@type":"ListItem","position":1,"name":"Tip na v\u00fdlet pro milovn\u00edky \u017eidovsk\u00fdch pam\u00e1tek","item":"https:\/\/www.vvs-pv.cz\/tip-na-vylet-pro-milovniky-zidovskych-pamatek\/#breadcrumbitem"}]}]