{"@context":"https:\/\/schema.org\/","@type":"CollectionPage","@id":"https:\/\/www.vvs-pv.cz\/spolecnost\/#CollectionPage","headline":"Spole\u010dnost Category","description":"","url":"https:\/\/www.vvs-pv.cz\/spolecnost\/","hasPart":[{"@type":"Article","@id":"https:\/\/www.vvs-pv.cz\/proc-by-nas-melo-smerovani-nasi-spolecnosti-zajimat\/","headline":"Pro\u010d by n\u00e1s m\u011blo sm\u011b\u0159ov\u00e1n\u00ed na\u0161\u00ed spole\u010dnosti zaj\u00edmat","url":"https:\/\/www.vvs-pv.cz\/proc-by-nas-melo-smerovani-nasi-spolecnosti-zajimat\/","datePublished":"2023-11-29","dateModified":"2023-11-29","mainEntityOfPage":"https:\/\/www.vvs-pv.cz\/proc-by-nas-melo-smerovani-nasi-spolecnosti-zajimat\/","author":{"@type":"Person","@id":"https:\/\/www.vvs-pv.cz\/author\/#Person","name":"","url":"https:\/\/www.vvs-pv.cz\/author\/","identifier":1,"image":{"@type":"ImageObject","@id":"https:\/\/secure.gravatar.com\/avatar\/0dc285cbe86eecc8073f119fcb2e2c7032b51533f5bb47611c7d4a598558b8b7?s=96&d=mm&r=g","url":"https:\/\/secure.gravatar.com\/avatar\/0dc285cbe86eecc8073f119fcb2e2c7032b51533f5bb47611c7d4a598558b8b7?s=96&d=mm&r=g","height":96,"width":96}},"publisher":{"@type":"Organization","name":"vvs-pv.cz","logo":{"@type":"ImageObject","@id":"\/logo.png","url":"\/logo.png","width":600,"height":60}},"image":{"@type":"ImageObject","@id":"https:\/\/www.vvs-pv.cz\/wp-content\/uploads\/spolecnost4_7.jpg","url":"https:\/\/www.vvs-pv.cz\/wp-content\/uploads\/spolecnost4_7.jpg","height":0,"width":0},"keywords":null},{"@type":"Article","@id":"https:\/\/www.vvs-pv.cz\/proc-jiz-lide-tolik-nectou\/","headline":"Pro\u010d ji\u017e lid\u00e9 tolik ne\u010dtou","url":"https:\/\/www.vvs-pv.cz\/proc-jiz-lide-tolik-nectou\/","datePublished":"2022-09-12","dateModified":"2022-09-12","mainEntityOfPage":"https:\/\/www.vvs-pv.cz\/proc-jiz-lide-tolik-nectou\/","author":{"@type":"Person","@id":"https:\/\/www.vvs-pv.cz\/author\/#Person","name":"","url":"https:\/\/www.vvs-pv.cz\/author\/","identifier":1,"image":{"@type":"ImageObject","@id":"https:\/\/secure.gravatar.com\/avatar\/0dc285cbe86eecc8073f119fcb2e2c7032b51533f5bb47611c7d4a598558b8b7?s=96&d=mm&r=g","url":"https:\/\/secure.gravatar.com\/avatar\/0dc285cbe86eecc8073f119fcb2e2c7032b51533f5bb47611c7d4a598558b8b7?s=96&d=mm&r=g","height":96,"width":96}},"publisher":{"@type":"Organization","name":"vvs-pv.cz","logo":{"@type":"ImageObject","@id":"\/logo.png","url":"\/logo.png","width":600,"height":60}},"image":{"@type":"ImageObject","@id":"https:\/\/www.vvs-pv.cz\/wp-content\/uploads\/cteni1_1.jpg","url":"https:\/\/www.vvs-pv.cz\/wp-content\/uploads\/cteni1_1.jpg","height":0,"width":0},"keywords":null},{"@type":"Article","@id":"https:\/\/www.vvs-pv.cz\/bungalov-nebo-patrovy-dum\/","headline":"Bungalov nebo patrov\u00fd d\u016fm?","url":"https:\/\/www.vvs-pv.cz\/bungalov-nebo-patrovy-dum\/","datePublished":"2022-06-30","dateModified":"2023-05-31","mainEntityOfPage":"https:\/\/www.vvs-pv.cz\/bungalov-nebo-patrovy-dum\/","author":{"@type":"Person","@id":"https:\/\/www.vvs-pv.cz\/author\/#Person","name":"","url":"https:\/\/www.vvs-pv.cz\/author\/","identifier":1,"image":{"@type":"ImageObject","@id":"https:\/\/secure.gravatar.com\/avatar\/0dc285cbe86eecc8073f119fcb2e2c7032b51533f5bb47611c7d4a598558b8b7?s=96&d=mm&r=g","url":"https:\/\/secure.gravatar.com\/avatar\/0dc285cbe86eecc8073f119fcb2e2c7032b51533f5bb47611c7d4a598558b8b7?s=96&d=mm&r=g","height":96,"width":96}},"publisher":{"@type":"Organization","name":"vvs-pv.cz","logo":{"@type":"ImageObject","@id":"\/logo.png","url":"\/logo.png","width":600,"height":60}},"image":{"@type":"ImageObject","@id":"https:\/\/www.vvs-pv.cz\/wp-content\/uploads\/architecture-1867426_640.jpg","url":"https:\/\/www.vvs-pv.cz\/wp-content\/uploads\/architecture-1867426_640.jpg","height":0,"width":0},"keywords":null},{"@type":"Article","@id":"https:\/\/www.vvs-pv.cz\/spolecnosti-casto-inzeruji-volna-pracovni-mista\/","headline":"Spole\u010dnosti \u010dasto inzeruj\u00ed voln\u00e1 pracovn\u00ed m\u00edsta","url":"https:\/\/www.vvs-pv.cz\/spolecnosti-casto-inzeruji-volna-pracovni-mista\/","datePublished":"2022-06-01","dateModified":"2022-06-01","mainEntityOfPage":"https:\/\/www.vvs-pv.cz\/spolecnosti-casto-inzeruji-volna-pracovni-mista\/","author":{"@type":"Person","@id":"https:\/\/www.vvs-pv.cz\/author\/#Person","name":"","url":"https:\/\/www.vvs-pv.cz\/author\/","identifier":1,"image":{"@type":"ImageObject","@id":"https:\/\/secure.gravatar.com\/avatar\/0dc285cbe86eecc8073f119fcb2e2c7032b51533f5bb47611c7d4a598558b8b7?s=96&d=mm&r=g","url":"https:\/\/secure.gravatar.com\/avatar\/0dc285cbe86eecc8073f119fcb2e2c7032b51533f5bb47611c7d4a598558b8b7?s=96&d=mm&r=g","height":96,"width":96}},"publisher":{"@type":"Organization","name":"vvs-pv.cz","logo":{"@type":"ImageObject","@id":"\/logo.png","url":"\/logo.png","width":600,"height":60}},"image":{"@type":"ImageObject","@id":"https:\/\/www.vvs-pv.cz\/wp-content\/uploads\/notebooky.PNG","url":"https:\/\/www.vvs-pv.cz\/wp-content\/uploads\/notebooky.PNG","height":0,"width":0},"keywords":null},{"@type":"Article","@id":"https:\/\/www.vvs-pv.cz\/deti-a-spolecnost\/","headline":"D\u011bti a spole\u010dnost","url":"https:\/\/www.vvs-pv.cz\/deti-a-spolecnost\/","datePublished":"2022-04-14","dateModified":"2023-05-31","mainEntityOfPage":"https:\/\/www.vvs-pv.cz\/deti-a-spolecnost\/","author":{"@type":"Person","@id":"https:\/\/www.vvs-pv.cz\/author\/#Person","name":"","url":"https:\/\/www.vvs-pv.cz\/author\/","identifier":1,"image":{"@type":"ImageObject","@id":"https:\/\/secure.gravatar.com\/avatar\/0dc285cbe86eecc8073f119fcb2e2c7032b51533f5bb47611c7d4a598558b8b7?s=96&d=mm&r=g","url":"https:\/\/secure.gravatar.com\/avatar\/0dc285cbe86eecc8073f119fcb2e2c7032b51533f5bb47611c7d4a598558b8b7?s=96&d=mm&r=g","height":96,"width":96}},"publisher":{"@type":"Organization","name":"vvs-pv.cz","logo":{"@type":"ImageObject","@id":"\/logo.png","url":"\/logo.png","width":600,"height":60}},"image":{"@type":"ImageObject","@id":"https:\/\/www.vvs-pv.cz\/wp-content\/uploads\/f19-boundless-co-tpw-4210.jpg","url":"https:\/\/www.vvs-pv.cz\/wp-content\/uploads\/f19-boundless-co-tpw-4210.jpg","height":0,"width":0},"keywords":null},{"@type":"Article","@id":"https:\/\/www.vvs-pv.cz\/ve-francii-maji-volnou-stredu-v-japonsku-perou\/","headline":"Ve Francii maj\u00ed volnou st\u0159edu, v Japonsku perou","url":"https:\/\/www.vvs-pv.cz\/ve-francii-maji-volnou-stredu-v-japonsku-perou\/","datePublished":"2020-09-22","dateModified":"2023-05-31","mainEntityOfPage":"https:\/\/www.vvs-pv.cz\/ve-francii-maji-volnou-stredu-v-japonsku-perou\/","author":{"@type":"Person","@id":"https:\/\/www.vvs-pv.cz\/author\/#Person","name":"","url":"https:\/\/www.vvs-pv.cz\/author\/","identifier":1,"image":{"@type":"ImageObject","@id":"https:\/\/secure.gravatar.com\/avatar\/0dc285cbe86eecc8073f119fcb2e2c7032b51533f5bb47611c7d4a598558b8b7?s=96&d=mm&r=g","url":"https:\/\/secure.gravatar.com\/avatar\/0dc285cbe86eecc8073f119fcb2e2c7032b51533f5bb47611c7d4a598558b8b7?s=96&d=mm&r=g","height":96,"width":96}},"publisher":{"@type":"Organization","name":"vvs-pv.cz","logo":{"@type":"ImageObject","@id":"\/logo.png","url":"\/logo.png","width":600,"height":60}},"image":{"@type":"ImageObject","@id":"https:\/\/www.vvs-pv.cz\/wp-content\/uploads\/img_a304541_w1947_t1515586816.jpg","url":"https:\/\/www.vvs-pv.cz\/wp-content\/uploads\/img_a304541_w1947_t1515586816.jpg","height":0,"width":0},"keywords":null},{"@type":"Article","@id":"https:\/\/www.vvs-pv.cz\/svaty-ondrej-patron-nevest-a-zamilovanych\/","headline":"Svat\u00fd Ond\u0159ej \u2013 patron nev\u011bst a zamilovan\u00fdch","url":"https:\/\/www.vvs-pv.cz\/svaty-ondrej-patron-nevest-a-zamilovanych\/","datePublished":"2019-11-01","dateModified":"2023-05-31","mainEntityOfPage":"https:\/\/www.vvs-pv.cz\/svaty-ondrej-patron-nevest-a-zamilovanych\/","author":{"@type":"Person","@id":"https:\/\/www.vvs-pv.cz\/author\/#Person","name":"","url":"https:\/\/www.vvs-pv.cz\/author\/","identifier":1,"image":{"@type":"ImageObject","@id":"https:\/\/secure.gravatar.com\/avatar\/0dc285cbe86eecc8073f119fcb2e2c7032b51533f5bb47611c7d4a598558b8b7?s=96&d=mm&r=g","url":"https:\/\/secure.gravatar.com\/avatar\/0dc285cbe86eecc8073f119fcb2e2c7032b51533f5bb47611c7d4a598558b8b7?s=96&d=mm&r=g","height":96,"width":96}},"publisher":{"@type":"Organization","name":"vvs-pv.cz","logo":{"@type":"ImageObject","@id":"\/logo.png","url":"\/logo.png","width":600,"height":60}},"image":{"@type":"ImageObject","@id":"https:\/\/www.vvs-pv.cz\/wp-content\/uploads\/img_a359293_w3798_t1573322163.jpg","url":"https:\/\/www.vvs-pv.cz\/wp-content\/uploads\/img_a359293_w3798_t1573322163.jpg","height":0,"width":0},"keywords":null},{"@type":"Article","@id":"https:\/\/www.vvs-pv.cz\/posouvani-a-odklady\/","headline":"Posouv\u00e1n\u00ed a odklady","url":"https:\/\/www.vvs-pv.cz\/posouvani-a-odklady\/","datePublished":"2019-09-16","dateModified":"2023-05-31","mainEntityOfPage":"https:\/\/www.vvs-pv.cz\/posouvani-a-odklady\/","author":{"@type":"Person","@id":"https:\/\/www.vvs-pv.cz\/author\/#Person","name":"","url":"https:\/\/www.vvs-pv.cz\/author\/","identifier":1,"image":{"@type":"ImageObject","@id":"https:\/\/secure.gravatar.com\/avatar\/0dc285cbe86eecc8073f119fcb2e2c7032b51533f5bb47611c7d4a598558b8b7?s=96&d=mm&r=g","url":"https:\/\/secure.gravatar.com\/avatar\/0dc285cbe86eecc8073f119fcb2e2c7032b51533f5bb47611c7d4a598558b8b7?s=96&d=mm&r=g","height":96,"width":96}},"publisher":{"@type":"Organization","name":"vvs-pv.cz","logo":{"@type":"ImageObject","@id":"\/logo.png","url":"\/logo.png","width":600,"height":60}},"image":{"@type":"ImageObject","@id":"https:\/\/www.vvs-pv.cz\/wp-content\/uploads\/img_a354214_w3798_t1568804873.jpg","url":"https:\/\/www.vvs-pv.cz\/wp-content\/uploads\/img_a354214_w3798_t1568804873.jpg","height":0,"width":0},"keywords":null}]}