{"@context":"https:\/\/schema.org\/","@type":"CollectionPage","@id":"https:\/\/www.vvs-pv.cz\/sluzby\/#CollectionPage","headline":"Slu\u017eby Category","description":"","url":"https:\/\/www.vvs-pv.cz\/sluzby\/","hasPart":[{"@type":"Article","@id":"https:\/\/www.vvs-pv.cz\/kdyz-uz-lidem-nestacily-knofliky-a-tkanicky\/","headline":"Kdy\u017e u\u017e lidem nesta\u010dily knofl\u00edky a tkani\u010dky","url":"https:\/\/www.vvs-pv.cz\/kdyz-uz-lidem-nestacily-knofliky-a-tkanicky\/","datePublished":"2021-01-22","dateModified":"2023-05-31","mainEntityOfPage":"https:\/\/www.vvs-pv.cz\/kdyz-uz-lidem-nestacily-knofliky-a-tkanicky\/","author":{"@type":"Person","@id":"https:\/\/www.vvs-pv.cz\/author\/#Person","name":"","url":"https:\/\/www.vvs-pv.cz\/author\/","identifier":1,"image":{"@type":"ImageObject","@id":"https:\/\/secure.gravatar.com\/avatar\/0dc285cbe86eecc8073f119fcb2e2c7032b51533f5bb47611c7d4a598558b8b7?s=96&d=mm&r=g","url":"https:\/\/secure.gravatar.com\/avatar\/0dc285cbe86eecc8073f119fcb2e2c7032b51533f5bb47611c7d4a598558b8b7?s=96&d=mm&r=g","height":96,"width":96}},"publisher":{"@type":"Organization","name":"vvs-pv.cz","logo":{"@type":"ImageObject","@id":"\/logo.png","url":"\/logo.png","width":600,"height":60}},"image":{"@type":"ImageObject","@id":"https:\/\/www.vvs-pv.cz\/wp-content\/uploads\/zip.jpg","url":"https:\/\/www.vvs-pv.cz\/wp-content\/uploads\/zip.jpg","height":0,"width":0},"keywords":null},{"@type":"Article","@id":"https:\/\/www.vvs-pv.cz\/je-libo-dodavka\/","headline":"Je libo dod\u00e1vka?","url":"https:\/\/www.vvs-pv.cz\/je-libo-dodavka\/","datePublished":"2020-12-25","dateModified":"2023-05-31","mainEntityOfPage":"https:\/\/www.vvs-pv.cz\/je-libo-dodavka\/","author":{"@type":"Person","@id":"https:\/\/www.vvs-pv.cz\/author\/#Person","name":"","url":"https:\/\/www.vvs-pv.cz\/author\/","identifier":1,"image":{"@type":"ImageObject","@id":"https:\/\/secure.gravatar.com\/avatar\/0dc285cbe86eecc8073f119fcb2e2c7032b51533f5bb47611c7d4a598558b8b7?s=96&d=mm&r=g","url":"https:\/\/secure.gravatar.com\/avatar\/0dc285cbe86eecc8073f119fcb2e2c7032b51533f5bb47611c7d4a598558b8b7?s=96&d=mm&r=g","height":96,"width":96}},"publisher":{"@type":"Organization","name":"vvs-pv.cz","logo":{"@type":"ImageObject","@id":"\/logo.png","url":"\/logo.png","width":600,"height":60}},"image":{"@type":"ImageObject","@id":"https:\/\/www.vvs-pv.cz\/wp-content\/uploads\/zelen%C3%A1%20dod%C3%A1vka_3.jpg","url":"https:\/\/www.vvs-pv.cz\/wp-content\/uploads\/zelen%C3%A1%20dod%C3%A1vka_3.jpg","height":0,"width":0},"keywords":null},{"@type":"Article","@id":"https:\/\/www.vvs-pv.cz\/montaz-nabytku-praha-patri-k-narocnym-cinnostem-pri-stehovani\/","headline":"Mont\u00e1\u017e n\u00e1bytku Praha pat\u0159\u00ed k n\u00e1ro\u010dn\u00fdm \u010dinnostem p\u0159i st\u011bhov\u00e1n\u00ed","url":"https:\/\/www.vvs-pv.cz\/montaz-nabytku-praha-patri-k-narocnym-cinnostem-pri-stehovani\/","datePublished":"2020-07-17","dateModified":"2023-05-31","mainEntityOfPage":"https:\/\/www.vvs-pv.cz\/montaz-nabytku-praha-patri-k-narocnym-cinnostem-pri-stehovani\/","author":{"@type":"Person","@id":"https:\/\/www.vvs-pv.cz\/author\/#Person","name":"","url":"https:\/\/www.vvs-pv.cz\/author\/","identifier":1,"image":{"@type":"ImageObject","@id":"https:\/\/secure.gravatar.com\/avatar\/0dc285cbe86eecc8073f119fcb2e2c7032b51533f5bb47611c7d4a598558b8b7?s=96&d=mm&r=g","url":"https:\/\/secure.gravatar.com\/avatar\/0dc285cbe86eecc8073f119fcb2e2c7032b51533f5bb47611c7d4a598558b8b7?s=96&d=mm&r=g","height":96,"width":96}},"publisher":{"@type":"Organization","name":"vvs-pv.cz","logo":{"@type":"ImageObject","@id":"\/logo.png","url":"\/logo.png","width":600,"height":60}},"image":{"@type":"ImageObject","@id":"https:\/\/www.vvs-pv.cz\/wp-content\/uploads\/n%C3%A1bytek%20v%20pokoji_2.jpg","url":"https:\/\/www.vvs-pv.cz\/wp-content\/uploads\/n%C3%A1bytek%20v%20pokoji_2.jpg","height":0,"width":0},"keywords":null},{"@type":"Article","@id":"https:\/\/www.vvs-pv.cz\/loket-nad-ohri\/","headline":"Loket nad Oh\u0159\u00ed","url":"https:\/\/www.vvs-pv.cz\/loket-nad-ohri\/","datePublished":"2020-06-20","dateModified":"2023-05-31","mainEntityOfPage":"https:\/\/www.vvs-pv.cz\/loket-nad-ohri\/","author":{"@type":"Person","@id":"https:\/\/www.vvs-pv.cz\/author\/#Person","name":"","url":"https:\/\/www.vvs-pv.cz\/author\/","identifier":1,"image":{"@type":"ImageObject","@id":"https:\/\/secure.gravatar.com\/avatar\/0dc285cbe86eecc8073f119fcb2e2c7032b51533f5bb47611c7d4a598558b8b7?s=96&d=mm&r=g","url":"https:\/\/secure.gravatar.com\/avatar\/0dc285cbe86eecc8073f119fcb2e2c7032b51533f5bb47611c7d4a598558b8b7?s=96&d=mm&r=g","height":96,"width":96}},"publisher":{"@type":"Organization","name":"vvs-pv.cz","logo":{"@type":"ImageObject","@id":"\/logo.png","url":"\/logo.png","width":600,"height":60}},"image":{"@type":"ImageObject","@id":"https:\/\/www.vvs-pv.cz\/wp-content\/uploads\/indoors-4234071_960_720.jpg","url":"https:\/\/www.vvs-pv.cz\/wp-content\/uploads\/indoors-4234071_960_720.jpg","height":0,"width":0},"keywords":null},{"@type":"Article","@id":"https:\/\/www.vvs-pv.cz\/pujcovna-vozu\/","headline":"P\u016fj\u010dovna voz\u016f","url":"https:\/\/www.vvs-pv.cz\/pujcovna-vozu\/","datePublished":"2020-02-16","dateModified":"2020-02-16","mainEntityOfPage":"https:\/\/www.vvs-pv.cz\/pujcovna-vozu\/","author":{"@type":"Person","@id":"https:\/\/www.vvs-pv.cz\/author\/#Person","name":"","url":"https:\/\/www.vvs-pv.cz\/author\/","identifier":1,"image":{"@type":"ImageObject","@id":"https:\/\/secure.gravatar.com\/avatar\/0dc285cbe86eecc8073f119fcb2e2c7032b51533f5bb47611c7d4a598558b8b7?s=96&d=mm&r=g","url":"https:\/\/secure.gravatar.com\/avatar\/0dc285cbe86eecc8073f119fcb2e2c7032b51533f5bb47611c7d4a598558b8b7?s=96&d=mm&r=g","height":96,"width":96}},"publisher":{"@type":"Organization","name":"vvs-pv.cz","logo":{"@type":"ImageObject","@id":"\/logo.png","url":"\/logo.png","width":600,"height":60}},"image":{"@type":"ImageObject","@id":"https:\/\/www.vvs-pv.cz\/wp-content\/uploads\/img_a375112_w1735_t1586944382.jpg","url":"https:\/\/www.vvs-pv.cz\/wp-content\/uploads\/img_a375112_w1735_t1586944382.jpg","height":0,"width":0},"keywords":null},{"@type":"Article","@id":"https:\/\/www.vvs-pv.cz\/jak-se-zorientovat-v-socialnich-sluzbach\/","headline":"Jak se zorientovat v soci\u00e1ln\u00edch slu\u017eb\u00e1ch","url":"https:\/\/www.vvs-pv.cz\/jak-se-zorientovat-v-socialnich-sluzbach\/","datePublished":"2019-10-13","dateModified":"2023-05-31","mainEntityOfPage":"https:\/\/www.vvs-pv.cz\/jak-se-zorientovat-v-socialnich-sluzbach\/","author":{"@type":"Person","@id":"https:\/\/www.vvs-pv.cz\/author\/#Person","name":"","url":"https:\/\/www.vvs-pv.cz\/author\/","identifier":1,"image":{"@type":"ImageObject","@id":"https:\/\/secure.gravatar.com\/avatar\/0dc285cbe86eecc8073f119fcb2e2c7032b51533f5bb47611c7d4a598558b8b7?s=96&d=mm&r=g","url":"https:\/\/secure.gravatar.com\/avatar\/0dc285cbe86eecc8073f119fcb2e2c7032b51533f5bb47611c7d4a598558b8b7?s=96&d=mm&r=g","height":96,"width":96}},"publisher":{"@type":"Organization","name":"vvs-pv.cz","logo":{"@type":"ImageObject","@id":"\/logo.png","url":"\/logo.png","width":600,"height":60}},"image":{"@type":"ImageObject","@id":"https:\/\/www.vvs-pv.cz\/wp-content\/uploads\/img_a357585_w3798_t1572111527.jpg","url":"https:\/\/www.vvs-pv.cz\/wp-content\/uploads\/img_a357585_w3798_t1572111527.jpg","height":0,"width":0},"keywords":null},{"@type":"Article","@id":"https:\/\/www.vvs-pv.cz\/penize-ze-zpozdeni\/","headline":"Pen\u00edze ze zpo\u017ed\u011bn\u00ed","url":"https:\/\/www.vvs-pv.cz\/penize-ze-zpozdeni\/","datePublished":"2019-09-13","dateModified":"2023-05-31","mainEntityOfPage":"https:\/\/www.vvs-pv.cz\/penize-ze-zpozdeni\/","author":{"@type":"Person","@id":"https:\/\/www.vvs-pv.cz\/author\/#Person","name":"","url":"https:\/\/www.vvs-pv.cz\/author\/","identifier":1,"image":{"@type":"ImageObject","@id":"https:\/\/secure.gravatar.com\/avatar\/0dc285cbe86eecc8073f119fcb2e2c7032b51533f5bb47611c7d4a598558b8b7?s=96&d=mm&r=g","url":"https:\/\/secure.gravatar.com\/avatar\/0dc285cbe86eecc8073f119fcb2e2c7032b51533f5bb47611c7d4a598558b8b7?s=96&d=mm&r=g","height":96,"width":96}},"publisher":{"@type":"Organization","name":"vvs-pv.cz","logo":{"@type":"ImageObject","@id":"\/logo.png","url":"\/logo.png","width":600,"height":60}},"image":{"@type":"ImageObject","@id":"https:\/\/www.vvs-pv.cz\/wp-content\/uploads\/img_a350663_w1778_t1565524888.png","url":"https:\/\/www.vvs-pv.cz\/wp-content\/uploads\/img_a350663_w1778_t1565524888.png","height":0,"width":0},"keywords":null},{"@type":"Article","@id":"https:\/\/www.vvs-pv.cz\/pedikura-jako-odmena-pro-vase-nohy-proc-je-tak-dulezita\/","headline":"Pedik\u00fara jako odm\u011bna pro va\u0161e nohy, pro\u010d je tak d\u016fle\u017eit\u00e1?","url":"https:\/\/www.vvs-pv.cz\/pedikura-jako-odmena-pro-vase-nohy-proc-je-tak-dulezita\/","datePublished":"2019-08-17","dateModified":"2023-05-31","mainEntityOfPage":"https:\/\/www.vvs-pv.cz\/pedikura-jako-odmena-pro-vase-nohy-proc-je-tak-dulezita\/","author":{"@type":"Person","@id":"https:\/\/www.vvs-pv.cz\/author\/#Person","name":"","url":"https:\/\/www.vvs-pv.cz\/author\/","identifier":1,"image":{"@type":"ImageObject","@id":"https:\/\/secure.gravatar.com\/avatar\/0dc285cbe86eecc8073f119fcb2e2c7032b51533f5bb47611c7d4a598558b8b7?s=96&d=mm&r=g","url":"https:\/\/secure.gravatar.com\/avatar\/0dc285cbe86eecc8073f119fcb2e2c7032b51533f5bb47611c7d4a598558b8b7?s=96&d=mm&r=g","height":96,"width":96}},"publisher":{"@type":"Organization","name":"vvs-pv.cz","logo":{"@type":"ImageObject","@id":"\/logo.png","url":"\/logo.png","width":600,"height":60}},"image":{"@type":"ImageObject","@id":"https:\/\/www.vvs-pv.cz\/wp-content\/uploads\/img_a352305_w3798_t1566851646.jpg","url":"https:\/\/www.vvs-pv.cz\/wp-content\/uploads\/img_a352305_w3798_t1566851646.jpg","height":0,"width":0},"keywords":null},{"@type":"Article","@id":"https:\/\/www.vvs-pv.cz\/abyste-se-citili-skvele\/","headline":"Abyste se c\u00edtili skv\u011ble","url":"https:\/\/www.vvs-pv.cz\/abyste-se-citili-skvele\/","datePublished":"2017-06-19","dateModified":"2023-05-31","mainEntityOfPage":"https:\/\/www.vvs-pv.cz\/abyste-se-citili-skvele\/","author":{"@type":"Person","@id":"https:\/\/www.vvs-pv.cz\/author\/#Person","name":"","url":"https:\/\/www.vvs-pv.cz\/author\/","identifier":1,"image":{"@type":"ImageObject","@id":"https:\/\/secure.gravatar.com\/avatar\/0dc285cbe86eecc8073f119fcb2e2c7032b51533f5bb47611c7d4a598558b8b7?s=96&d=mm&r=g","url":"https:\/\/secure.gravatar.com\/avatar\/0dc285cbe86eecc8073f119fcb2e2c7032b51533f5bb47611c7d4a598558b8b7?s=96&d=mm&r=g","height":96,"width":96}},"publisher":{"@type":"Organization","name":"vvs-pv.cz","logo":{"@type":"ImageObject","@id":"\/logo.png","url":"\/logo.png","width":600,"height":60}},"image":{"@type":"ImageObject","@id":"https:\/\/www.vvs-pv.cz\/wp-content\/uploads\/img_a294385_w2178_t1506347372.jpg","url":"https:\/\/www.vvs-pv.cz\/wp-content\/uploads\/img_a294385_w2178_t1506347372.jpg","height":0,"width":0},"keywords":null},{"@type":"Article","@id":"https:\/\/www.vvs-pv.cz\/na-sve-zahrade-nemusite-hned-stavet-koupelnu\/","headline":"Na sv\u00e9 zahrad\u011b nemus\u00edte hned stav\u011bt koupelnu","url":"https:\/\/www.vvs-pv.cz\/na-sve-zahrade-nemusite-hned-stavet-koupelnu\/","datePublished":"2017-01-22","dateModified":"2023-05-31","mainEntityOfPage":"https:\/\/www.vvs-pv.cz\/na-sve-zahrade-nemusite-hned-stavet-koupelnu\/","author":{"@type":"Person","@id":"https:\/\/www.vvs-pv.cz\/author\/#Person","name":"","url":"https:\/\/www.vvs-pv.cz\/author\/","identifier":1,"image":{"@type":"ImageObject","@id":"https:\/\/secure.gravatar.com\/avatar\/0dc285cbe86eecc8073f119fcb2e2c7032b51533f5bb47611c7d4a598558b8b7?s=96&d=mm&r=g","url":"https:\/\/secure.gravatar.com\/avatar\/0dc285cbe86eecc8073f119fcb2e2c7032b51533f5bb47611c7d4a598558b8b7?s=96&d=mm&r=g","height":96,"width":96}},"publisher":{"@type":"Organization","name":"vvs-pv.cz","logo":{"@type":"ImageObject","@id":"\/logo.png","url":"\/logo.png","width":600,"height":60}},"image":null,"keywords":null}]}