[{"@context":"https:\/\/schema.org\/","@type":"Article","@id":"https:\/\/www.vvs-pv.cz\/reklama-a-odev\/#Article","mainEntityOfPage":"https:\/\/www.vvs-pv.cz\/reklama-a-odev\/","headline":"Reklama a od\u011bv","name":"Reklama a od\u011bv","description":"Mysl\u00edm si, \u017ee dne\u0161n\u00ed doba p\u0159eje opravdu v\u0161em podnikatel\u016fm anebo \u017eivnostn\u00edk\u016fm. A vy se mo\u017en\u00e1 pt\u00e1te, jak tohle v\u00edm. Proto\u017ee&hellip;","datePublished":"2023-03-28","dateModified":"2024-04-02","author":{"@type":"Person","@id":"https:\/\/www.vvs-pv.cz\/author\/#Person","name":"","url":"https:\/\/www.vvs-pv.cz\/author\/","identifier":1,"image":{"@type":"ImageObject","@id":"https:\/\/secure.gravatar.com\/avatar\/0dc285cbe86eecc8073f119fcb2e2c7032b51533f5bb47611c7d4a598558b8b7?s=96&d=mm&r=g","url":"https:\/\/secure.gravatar.com\/avatar\/0dc285cbe86eecc8073f119fcb2e2c7032b51533f5bb47611c7d4a598558b8b7?s=96&d=mm&r=g","height":96,"width":96}},"publisher":{"@type":"Organization","name":"vvs-pv.cz","logo":{"@type":"ImageObject","@id":"\/logo.png","url":"\/logo.png","width":600,"height":60}},"image":{"@type":"ImageObject","@id":"https:\/\/www.vvs-pv.cz\/wp-content\/uploads\/personal-3149976_960_720_2.jpg","url":"https:\/\/www.vvs-pv.cz\/wp-content\/uploads\/personal-3149976_960_720_2.jpg","height":0,"width":0},"url":"https:\/\/www.vvs-pv.cz\/reklama-a-odev\/","about":["Slu\u017eby"],"wordCount":419,"articleBody":"   Mysl\u00edm si, \u017ee dne\u0161n\u00ed doba p\u0159eje opravdu v\u0161em podnikatel\u016fm anebo \u017eivnostn\u00edk\u016fm. A vy se mo\u017en\u00e1 pt\u00e1te, jak tohle v\u00edm. Proto\u017ee jsem zjistila, \u017ee kdy\u017e m\u016fj bratr za\u010dal podnikat, tak pr\u00fd i jeho \u010dty\u0159i kamar\u00e1di za\u010dali podnikat tak\u00e9. Samoz\u0159ejm\u011b, \u017ee v\u016fbec nepodnikaj\u00ed spolu. Ka\u017ed\u00fd si podnik\u00e1 s\u00e1m na sebe. Abych pravdu \u0159ekla, j\u00e1 bych se podnikaj\u00ed samoz\u0159ejm\u011b b\u00e1la, proto\u017ee bych si \u0159\u00edkala, \u017ee bych ur\u010dit\u011b zkrachovala. Nebo bych ud\u011blala n\u011bco \u0161patn\u011b a potom bych m\u011bla probl\u00e9my. A j\u00e1 nem\u00e1m r\u00e1da probl\u00e9my a rad\u011bji se v\u0161em pod\u0159izuji, abych se nemusela s nik\u00fdm h\u00e1dat nebo se o n\u011bco p\u0159\u00edt. V\u017edycky se rad\u011bji nech\u00e1m n\u011bkde zam\u011bstnat, abych m\u011bla klid a nemusela se na v\u0161echno spol\u00e9hat. Ale ten, kdo si t\u0159eba otev\u0159en\u011b jakou \u017eivnost anebo za\u010dne podnikat, tak samoz\u0159ejm\u011b tak\u00e9 bude cht\u00edt n\u011bjakou kvalitn\u00ed reklamu. Tak\u00e9 si m\u016f\u017eete d\u00e1t reklamu na textil. A komu by se nel\u00edbilo, kdyby si t\u0159eba n\u011bkdo mohl d\u00e1t svou reklamu t\u0159eba na tri\u010dko anebo reklamn\u00ed mikinu? Mysl\u00edm si, \u017ee kdy\u017e si d\u00e1te sv\u00e9 logo a n\u00e1zev firmy t\u0159eba na reklamn\u00ed textil, jako na tri\u010dko anebo na reklamn\u00ed mikinu tak ud\u011bl\u00e1te samoz\u0159ejm\u011b dob\u0159e. Proto\u017ee oble\u010den\u00ed se prod\u00e1v\u00e1 velice \u010dasto. Je\u0161t\u011b bych doporu\u010dila, \u017ee kdy\u017e si objedn\u00e1te reklamn\u00ed textil, a hlavn\u011b reklamn\u00ed tri\u010dko z webov\u00e9 str\u00e1nky promotextile.cz, tak zjist\u00edte, \u017ee to u\u017e jsou velice kvalitn\u00ed materi\u00e1ly, kter\u00e9 pot\u011b\u0161\u00ed a ud\u011blaj\u00ed velkou par\u00e1du. A doporu\u010duji v\u00e1m d\u00e1vat reklamn\u00ed poloko\u0161ile zadarmo. Proto\u017ee tohle je vlastn\u011b takov\u00e1 chod\u00edc\u00ed reklama, tak\u017ee se dostane opravdu k noha lidem. Kamkoli \u010dlov\u011bk p\u016fjde s va\u0161\u00ed reklamn\u00ed mikinou anebo tak\u00e9 reklamn\u00edm tri\u010dkem, tak tam v\u0161ichni uvid\u00ed v\u00e1\u0161 n\u00e1zev firmy anebo logo, kter\u00e9 potom vlastn\u011b d\u011bl\u00e1 reklamu a vy nemus\u00edte ani tak moc platit za propagaci va\u0161\u00ed firmy anebo va\u0161ich v\u00fdrobk\u016f. A jak\u00fd typ reklamy na propagaci va\u0161ich v\u00fdrobk\u016f nebo slu\u017eeb byste vyu\u017eili vy? Je mnoho zp\u016fsob\u016f a vy sami mus\u00edte zjistit, jak\u00e1 reklama nebo typ propagace by v\u00e1m vyhovovala nejv\u00edce.                                                                                                                                                                                                                                                                                                                                                                                           5\/5 - (4 votes)        "},{"@context":"https:\/\/schema.org\/","@type":"BreadcrumbList","itemListElement":[{"@type":"ListItem","position":1,"name":"Reklama a od\u011bv","item":"https:\/\/www.vvs-pv.cz\/reklama-a-odev\/#breadcrumbitem"}]}]