[{"@context":"https:\/\/schema.org\/","@type":"Article","@id":"https:\/\/www.vvs-pv.cz\/proc-dat-prednost-bile-barve-posuvnych-dveri-vestavene-skrine\/#Article","mainEntityOfPage":"https:\/\/www.vvs-pv.cz\/proc-dat-prednost-bile-barve-posuvnych-dveri-vestavene-skrine\/","headline":"Pro\u010d d\u00e1t p\u0159ednost b\u00edl\u00e9 barv\u011b posuvn\u00fdch dve\u0159\u00ed vestav\u011bn\u00e9 sk\u0159\u00edn\u011b","name":"Pro\u010d d\u00e1t p\u0159ednost b\u00edl\u00e9 barv\u011b posuvn\u00fdch dve\u0159\u00ed vestav\u011bn\u00e9 sk\u0159\u00edn\u011b","description":"O v\u00fdhod\u00e1ch vestav\u011bn\u00fdch sk\u0159\u00edn\u00ed sestavovan\u00fdch na m\u00edru bylo seps\u00e1no ji\u017e mnoho odborn\u00fdch i ryze amat\u00e9rsk\u00fdch koment\u00e1\u0159\u016f a \u010dl\u00e1nk\u016f. V prvn\u00ed&hellip;","datePublished":"2023-02-23","dateModified":"2023-02-23","author":{"@type":"Person","@id":"https:\/\/www.vvs-pv.cz\/author\/#Person","name":"","url":"https:\/\/www.vvs-pv.cz\/author\/","identifier":1,"image":{"@type":"ImageObject","@id":"https:\/\/secure.gravatar.com\/avatar\/0dc285cbe86eecc8073f119fcb2e2c7032b51533f5bb47611c7d4a598558b8b7?s=96&d=mm&r=g","url":"https:\/\/secure.gravatar.com\/avatar\/0dc285cbe86eecc8073f119fcb2e2c7032b51533f5bb47611c7d4a598558b8b7?s=96&d=mm&r=g","height":96,"width":96}},"publisher":{"@type":"Organization","name":"vvs-pv.cz","logo":{"@type":"ImageObject","@id":"\/logo.png","url":"\/logo.png","width":600,"height":60}},"image":{"@type":"ImageObject","@id":"https:\/\/www.vvs-pv.cz\/wp-content\/uploads\/wardrobe-g200cd2929_640.jpg","url":"https:\/\/www.vvs-pv.cz\/wp-content\/uploads\/wardrobe-g200cd2929_640.jpg","height":0,"width":0},"url":"https:\/\/www.vvs-pv.cz\/proc-dat-prednost-bile-barve-posuvnych-dveri-vestavene-skrine\/","about":["Slu\u017eby"],"wordCount":431,"articleBody":"   O v\u00fdhod\u00e1ch vestav\u011bn\u00fdch sk\u0159\u00edn\u00ed sestavovan\u00fdch na m\u00edru bylo seps\u00e1no ji\u017e mnoho odborn\u00fdch i ryze amat\u00e9rsk\u00fdch koment\u00e1\u0159\u016f a \u010dl\u00e1nk\u016f. V prvn\u00ed \u0159ad\u011b se lid\u00e9 pozastavuj\u00ed nad t\u00edm, \u017ee maj\u00ed k dispozici jednotn\u00fd \u00falo\u017en\u00fd prostor, a \u017ee nemus\u00ed pracn\u011b hledat n\u011bkter\u00e9 p\u0159edm\u011bty, co uskladnili na opa\u010dn\u00e9 stran\u011b sv\u00e9ho p\u0159\u00edbytku. D\u00e1le se \u0159e\u0161\u00ed vnit\u0159n\u00ed uspo\u0159\u00e1d\u00e1n\u00ed, aby bylo pokud mo\u017eno co nejl\u00e9pe p\u0159\u00edstupn\u00e9 i bez \u017eidl\u00ed a \u0161tafl\u00ed, a aby se bylo mo\u017eno dostat velmi pohodln\u011b do z\u00e1suvek s dr\u00e1t\u011bn\u00fdm programem a vylovit z nich spodn\u00ed pr\u00e1dlo, kravaty, \u0161\u00e1tky a dal\u0161\u00ed drobn\u00e9 p\u0159edm\u011bty.Teprve na posledn\u00edm m\u00edst\u011b p\u0159ich\u00e1z\u00ed na \u0159adu barva posuvn\u00fdch dve\u0159\u00ed.N\u011bkte\u0159\u00ed lid\u00e9 ji ne\u0159e\u0161\u00ed prakticky v\u016fbec a p\u0159enech\u00e1vaj\u00ed jej\u00ed volbu na partnerovi, jin\u00ed j\u00ed naopak v\u011bnuj\u00ed maxim\u00e1ln\u00ed pozornost. Jak to tedy je, m\u00e1 v\u00fdznam vyb\u00edrat pe\u010dliv\u011b i dekor dve\u0159\u00ed, anebo je to jedno a \u010dasem si p\u0159ivyknete t\u0159eba i na \u0161edob\u00e9\u017eov\u00e9 prou\u017eky?Na \u0161edob\u00e9\u017eov\u00e9 prou\u017eky si nep\u0159ivyknete \u2013 pokud se v\u00e1m ji\u017e od po\u010d\u00e1tku dekor nel\u00edb\u00ed, rozhodn\u011b se v\u00e1m nezal\u00edb\u00ed za p\u00e1r m\u011bs\u00edc\u016f a naopak to bude m\u00edt sp\u00ed\u0161e opa\u010dnou tendenci. Budete tou\u017eit po tom dve\u0159e vym\u011bnit za jin\u00fd kus.Na tmav\u00e9 rad\u011bji zapome\u0148te \u2013 p\u0159\u00edli\u0161 tmav\u00e1 barva dve\u0159\u00ed v\u00e1m odkroj\u00ed obrovsk\u00fd pod\u00edl sv\u011btla v m\u00edstnosti. Plat\u00ed zde ne\u00faprosn\u00e9 fyzik\u00e1ln\u00ed z\u00e1kony a v praxi si pak ov\u011b\u0159\u00edte, \u017ee \u010d\u00edm tmav\u0161\u00ed prost\u0159ed\u00ed, t\u00edm opticky men\u0161\u00ed m\u00edstnost. Velmi neproz\u00edrav\u00e9 je to zejm\u00e9na v mal\u00fdch bytech, tam se budete c\u00edtit doslova jako ve v\u011bze\u0148sk\u00e9 kobce.D\u016fv\u011b\u0159ujte b\u00edl\u00e9 \u2013 \u010dist\u011b b\u00edl\u00e1 barva White Soft 9010 Sten sk\u0159\u00edn\u011b, p\u0159\u00edpadn\u011b lehce kr\u00e9mov\u00e1, v\u00e1m m\u00edstnost opticky zv\u011bt\u0161\u00ed, zes\u00edl\u00ed odraz slune\u010dn\u00edho z\u00e1\u0159en\u00ed a mnohdy tak\u00e9 zlep\u0161\u00ed n\u00e1ladu. B\u00edl\u00e1 se nav\u00edc hod\u00ed prakticky ke v\u0161emu \u2013 k d\u0159ev\u011bn\u00e9mu masivu, ke sklu, ke kovov\u00fdm \u010d\u00e1stem n\u00e1bytku, k d\u0159evot\u0159\u00edskov\u00fdm d\u00fdh\u00e1m, k parketov\u00e9 \u010di plovouc\u00ed podlaze, ke koberc\u016fm, ke keramick\u00e9 a kamenn\u00e9 dla\u017eb\u011b a ke v\u0161em typ\u016fm maleb na st\u011bn\u00e1ch. B\u00edl\u00e1 je zkr\u00e1tka univerz\u00e1ln\u00ed za ka\u017ed\u00fdch okolnost\u00ed.                                                                                                                                                                                                                                                                                                                                                                                          3.7\/5 - (4 votes)        "},{"@context":"https:\/\/schema.org\/","@type":"BreadcrumbList","itemListElement":[{"@type":"ListItem","position":1,"name":"Pro\u010d d\u00e1t p\u0159ednost b\u00edl\u00e9 barv\u011b posuvn\u00fdch dve\u0159\u00ed vestav\u011bn\u00e9 sk\u0159\u00edn\u011b","item":"https:\/\/www.vvs-pv.cz\/proc-dat-prednost-bile-barve-posuvnych-dveri-vestavene-skrine\/#breadcrumbitem"}]}]