[{"@context":"https:\/\/schema.org\/","@type":"Article","@id":"https:\/\/www.vvs-pv.cz\/proc-by-nas-melo-smerovani-nasi-spolecnosti-zajimat\/#Article","mainEntityOfPage":"https:\/\/www.vvs-pv.cz\/proc-by-nas-melo-smerovani-nasi-spolecnosti-zajimat\/","headline":"Pro\u010d by n\u00e1s m\u011blo sm\u011b\u0159ov\u00e1n\u00ed na\u0161\u00ed spole\u010dnosti zaj\u00edmat","name":"Pro\u010d by n\u00e1s m\u011blo sm\u011b\u0159ov\u00e1n\u00ed na\u0161\u00ed spole\u010dnosti zaj\u00edmat","description":"Sm\u011b\u0159ov\u00e1n\u00ed na\u0161\u00ed spole\u010dnosti je n\u011b\u010d\u00edm, co mnoho z\u00a0n\u00e1s odbude m\u00e1vnut\u00edm rukou. S\u00a0v\u00fdjimkou ur\u010dit\u00e9 skupiny lid\u00ed n\u00e1s to p\u0159\u00edli\u0161 nezaj\u00edm\u00e1, by\u0165&hellip;","datePublished":"2023-11-29","dateModified":"2023-11-29","author":{"@type":"Person","@id":"https:\/\/www.vvs-pv.cz\/author\/#Person","name":"","url":"https:\/\/www.vvs-pv.cz\/author\/","identifier":1,"image":{"@type":"ImageObject","@id":"https:\/\/secure.gravatar.com\/avatar\/0dc285cbe86eecc8073f119fcb2e2c7032b51533f5bb47611c7d4a598558b8b7?s=96&d=mm&r=g","url":"https:\/\/secure.gravatar.com\/avatar\/0dc285cbe86eecc8073f119fcb2e2c7032b51533f5bb47611c7d4a598558b8b7?s=96&d=mm&r=g","height":96,"width":96}},"publisher":{"@type":"Organization","name":"vvs-pv.cz","logo":{"@type":"ImageObject","@id":"\/logo.png","url":"\/logo.png","width":600,"height":60}},"image":{"@type":"ImageObject","@id":"https:\/\/www.vvs-pv.cz\/wp-content\/uploads\/spolecnost4_7.jpg","url":"https:\/\/www.vvs-pv.cz\/wp-content\/uploads\/spolecnost4_7.jpg","height":0,"width":0},"url":"https:\/\/www.vvs-pv.cz\/proc-by-nas-melo-smerovani-nasi-spolecnosti-zajimat\/","about":["Spole\u010dnost"],"wordCount":437,"articleBody":"Sm\u011b\u0159ov\u00e1n\u00ed na\u0161\u00ed spole\u010dnosti je n\u011b\u010d\u00edm, co mnoho z\u00a0n\u00e1s odbude m\u00e1vnut\u00edm rukou. S\u00a0v\u00fdjimkou ur\u010dit\u00e9 skupiny lid\u00ed n\u00e1s to p\u0159\u00edli\u0161 nezaj\u00edm\u00e1, by\u0165 se na n\u011bm p\u0159\u00edmo pod\u00edl\u00edme. Plat\u00ed to nejen o na\u0161em chov\u00e1n\u00ed ve volb\u00e1ch, ale tak\u00e9 o tom, jak se chov\u00e1me venku, p\u0159\u00edpadn\u011b jak se projevujeme ve spole\u010dnosti. Pro\u010d n\u00e1s to ale p\u0159\u00edli\u0161 nezaj\u00edm\u00e1? Proto\u017ee v\u011b\u0159\u00edme, \u017ee to na n\u00e1\u0161 \u017eivot nebude m\u00edt \u017e\u00e1dn\u00fd vliv. Zku\u0161enosti n\u00e1m v\u0161ak \u0159\u00edkaj\u00ed, \u017ee tomu tak ani zdaleka nen\u00ed.\u00a0Pravdou toti\u017e je, \u017ee pr\u00e1v\u011b to, kam spole\u010dnost sm\u011b\u0159uje, zna\u010dn\u011b ovliv\u0148uje \u017eivot kolem n\u00e1s, a to i v\u00a0takov\u00fdch ohledech, kde bychom si to nep\u0159edstavovali. Jedn\u00edm z\u00a0nich je nap\u0159\u00edklad dostupnost zbo\u017e\u00ed v\u00a0obchodech. Pokud nap\u0159\u00edklad bude \u010d\u00edm d\u00e1l v\u00edce vegan\u016f, pak je jasn\u00e9, \u017ee nab\u00eddka masa bude men\u0161\u00ed. A to nikoliv kv\u016fli n\u011bjak\u00e9mu vl\u00e1dn\u00edmu na\u0159\u00edzen\u00ed, n\u00fdbr\u017e to vyplyne z\u00a0prost\u00e9ho z\u00e1kona nab\u00eddky a popt\u00e1vky \u2013 \u017e\u00e1dn\u00fd prodejce nebude m\u00edt na kr\u00e1m\u011b zbo\u017e\u00ed, kter\u00e9 se neprod\u00e1v\u00e1.\u00a0\u00a0D\u00e1le jsou to tak\u00e9 v\u011bci, kter\u00e9 se budou pou\u0161t\u011bt v\u00a0televizi, a\u0165 u\u017e p\u016fjde o filmy, seri\u00e1ly \u010di dokonce reklamy. Tyto toti\u017e prakticky v\u017edy kop\u00edruj\u00ed dan\u00e9 trendy spole\u010dnosti, nebo\u0165 i pro n\u011b je v\u00fdhodn\u00e9, kdy\u017e se na jejich program d\u00edv\u00e1 co nejv\u00edce lid\u00ed. I proto bychom se m\u011bli sami sebe pt\u00e1t, zda se n\u00e1m to, kam dnes sm\u011b\u0159uje, l\u00edb\u00ed.\u00a0\u00a0Co ale m\u016f\u017eeme d\u011blat, pokud s\u00a0t\u00edm z\u00a0n\u011bjak\u00e9ho d\u016fvodu nesouhlas\u00edme? Popravd\u011b, z\u00e1le\u017e\u00ed na tom, zda jsme se sv\u00fdm n\u00e1zorem v\u00a0men\u0161in\u011b \u010di nikoliv. Pr\u00e1v\u011b v\u011bt\u0161ina toti\u017e ur\u010duje, kam budeme d\u00e1le kr\u00e1\u010det. Zapom\u00ednat v\u0161ak nesm\u00edme ani na to, \u017ee lid\u00e9 jsou snadno ovlivniteln\u00ed. Je tedy t\u0159eba rozli\u0161ovat mezi vlastn\u00edm n\u00e1zorem, a t\u00edm, co je n\u00e1m v\u00a0podstat\u011b vnucov\u00e1no, a\u0165 u\u017e jednou \u010di druhou stranou.\u00a0V\u00a0ka\u017ed\u00e9m p\u0159\u00edpad\u011b bychom se o to v\u0161ak m\u011bli rozhodn\u011b zaj\u00edmat. Jedn\u00e1 se toti\u017e o budoucnost, kdy\u017e u\u017e ne na\u0161i, tak na\u0161ich d\u011bt\u00ed. A asi v\u0161ichni budeme souhlasit, \u017ee v\u00a0podstat\u011b nen\u00ed nic d\u016fle\u017eit\u011bj\u0161\u00edho, tedy alespo\u0148 pokud m\u00e1me sv\u00e9 d\u00edt\u011b r\u00e1di.                                                                                                                                                                                                                                                                                                                                                                                        3.7\/5 - (3 votes)        "},{"@context":"https:\/\/schema.org\/","@type":"BreadcrumbList","itemListElement":[{"@type":"ListItem","position":1,"name":"Pro\u010d by n\u00e1s m\u011blo sm\u011b\u0159ov\u00e1n\u00ed na\u0161\u00ed spole\u010dnosti zaj\u00edmat","item":"https:\/\/www.vvs-pv.cz\/proc-by-nas-melo-smerovani-nasi-spolecnosti-zajimat\/#breadcrumbitem"}]}]