[{"@context":"https:\/\/schema.org\/","@type":"Article","@id":"https:\/\/www.vvs-pv.cz\/posouvani-a-odklady\/#Article","mainEntityOfPage":"https:\/\/www.vvs-pv.cz\/posouvani-a-odklady\/","headline":"Posouv\u00e1n\u00ed a odklady","name":"Posouv\u00e1n\u00ed a odklady","description":"Poprv\u00e9 o povinn\u00e9 maturit\u011b z&nbsp;matematiky poslanci hlasovali v&nbsp;roce 2016. Dodnes v\u0161ak nen\u00ed jasn\u00e9, kter\u00fd rok bude zahajovac\u00ed a zda se&hellip;","datePublished":"2019-09-16","dateModified":"2023-05-31","author":{"@type":"Person","@id":"https:\/\/www.vvs-pv.cz\/author\/#Person","name":"","url":"https:\/\/www.vvs-pv.cz\/author\/","identifier":1,"image":{"@type":"ImageObject","@id":"https:\/\/secure.gravatar.com\/avatar\/0dc285cbe86eecc8073f119fcb2e2c7032b51533f5bb47611c7d4a598558b8b7?s=96&d=mm&r=g","url":"https:\/\/secure.gravatar.com\/avatar\/0dc285cbe86eecc8073f119fcb2e2c7032b51533f5bb47611c7d4a598558b8b7?s=96&d=mm&r=g","height":96,"width":96}},"publisher":{"@type":"Organization","name":"vvs-pv.cz","logo":{"@type":"ImageObject","@id":"\/logo.png","url":"\/logo.png","width":600,"height":60}},"image":{"@type":"ImageObject","@id":"https:\/\/www.vvs-pv.cz\/wp-content\/uploads\/img_a354214_w3798_t1568804873.jpg","url":"https:\/\/www.vvs-pv.cz\/wp-content\/uploads\/img_a354214_w3798_t1568804873.jpg","height":0,"width":0},"url":"https:\/\/www.vvs-pv.cz\/posouvani-a-odklady\/","about":["Spole\u010dnost"],"wordCount":431,"articleBody":"Poprv\u00e9 o povinn\u00e9 maturit\u011b z&nbsp;matematiky poslanci hlasovali v&nbsp;roce 2016. Dodnes v\u0161ak nen\u00ed jasn\u00e9, kter\u00fd rok bude zahajovac\u00ed a zda se matematika stane opravdu povinn\u00fdm maturitn\u00edm p\u0159edm\u011btem. Premi\u00e9ra m\u011bla b\u00fdt v&nbsp;roce 2021, ale \u00fadajn\u011b nejsou zavedena v\u0161echna opat\u0159en\u00ed a ministerstvo \u010dasov\u011b nezvl\u00e1d\u00e1 p\u0159ipravit v\u0161e, co m\u011blo b\u00fdt pot\u0159eba a p\u0159edch\u00e1zet t\u00e9to zm\u011bn\u011b u maturit. Za\u010d\u00edn\u00e1 se tedy mluvit o roce 2022. Prvn\u00edmi \u0161kolami, kter\u00e9 by m\u011bli poc\u00edtit tuto zm\u011bnu, budou lycea a gymn\u00e1zia, ostatn\u00ed st\u0159edn\u00ed \u0161koly pak o rok pozd\u011bji.Statistika \u00fasp\u011b\u0161nostiPodle statistiky spole\u010dnosti Cermat propadlo u voliteln\u00e9 maturity z&nbsp;matematiky v&nbsp;roce 2018 22,3% student\u016f, v&nbsp;roce 2017 tomu bylo 21,7%. Student\u016f, kte\u0159\u00ed \u00fasp\u011b\u0161n\u011b zkou\u0161ku zvl\u00e1dnou hned v &bdquo;prvn\u00edm kole&ldquo; ub\u00fdv\u00e1, s&nbsp;t\u00edm \u017ee v&nbsp;mno\u017ein\u011b \u00fasp\u011b\u0161n\u00fdch \u017e\u00e1k\u016f je nej\u010dast\u011bj\u0161\u00ed zn\u00e1mka 3.Matematiku si vol\u00ed \u010d\u00edm d\u00e1l m\u00e9n\u011b student\u016f, v\u00edce se jich p\u0159ikl\u00e1n\u00ed k&nbsp;volb\u011b zkou\u0161ky z&nbsp;ciz\u00edho jazyka. Rozd\u00edl je v\u00edce ne\u017e extr\u00e9mn\u00ed &ndash; v&nbsp;posledn\u00edch letech si matematiku zvolilo kolem 23 % student\u016f, kde\u017eto ciz\u00ed jazyk (nej\u010dast\u011bji angli\u010dtinu) asi 77 %. Oproti matematice, kde je \u00fasp\u011b\u0161nost v\u00edce ne\u017e mal\u00e1, u maturity z&nbsp;angli\u010dtiny na poprv\u00e9 usp\u011bje v\u017edy kolem 90 % \u017e\u00e1k\u016f.Talent na matematikuNen\u00ed od v\u011bci v\u0161ak tak\u00e9 zm\u00ednit, \u017ee ne ka\u017ed\u00fd m\u00e1 talent na matematiku a p\u0159\u00edrodn\u00ed v\u011bdy. Na z\u00e1kladn\u00ed \u0161kole n\u00e1s v\u017edy rozd\u011blovali na dva pomysln\u00e9 t\u00e1bory &ndash; ti, kter\u00e9 bav\u00ed pr\u00e1v\u011b po\u010d\u00edt\u00e1n\u00ed, chemie, zkr\u00e1tka p\u0159\u00edrodn\u00ed v\u011bdy, a na druh\u00e9m b\u0159ehu byli \u017e\u00e1ci, kte\u0159\u00ed vynikali v&nbsp;humanitn\u00edch v\u011bd\u00e1ch, \u010de\u0161tina byla jejich esem v&nbsp;ruk\u00e1vu, a ciz\u00ed jazyk ovl\u00e1dali jako sv\u016fj rodil\u00fd. Co v\u0161ak bylo slabinou hum\u00e1nn\u011b zalo\u017een\u00fdch \u017e\u00e1ku? Ano, byla to pr\u00e1v\u011b matematika.A\u0165 u\u017e to dopadne jakkoli, dosavadn\u00ed &#8211; ne p\u0159\u00edli\u0161 \u00fasp\u011b\u0161n\u00e9 &#8211; v\u00fdsledky \u017e\u00e1k\u016f, kte\u0159\u00ed si dobrovoln\u011b p\u0159edm\u011bt zvolili, by m\u011bli b\u00fdt na pov\u00e1\u017eenou a na z\u00e1klad\u011b nich by bylo vhodn\u00e9 zhodnotit, zda je opravdu pot\u0159eba tento p\u0159edm\u011bt zav\u00e1d\u011bt jako povinn\u00fd a nenechat jej t\u00e9 \u010d\u00e1sti populace, kter\u00e1 se hodl\u00e1 t\u00edmto sm\u011brem ub\u00edrat v&nbsp;\u017eivot\u011b nad\u00e1le.                                                                                                                                                                                                                                                                                                                                                                                        4.4\/5 - (7 votes)        "},{"@context":"https:\/\/schema.org\/","@type":"BreadcrumbList","itemListElement":[{"@type":"ListItem","position":1,"name":"Posouv\u00e1n\u00ed a odklady","item":"https:\/\/www.vvs-pv.cz\/posouvani-a-odklady\/#breadcrumbitem"}]}]