{"@context":"https:\/\/schema.org\/","@type":"CollectionPage","@id":"https:\/\/www.vvs-pv.cz\/nakupy\/#CollectionPage","headline":"N\u00e1kupy Category","description":"","url":"https:\/\/www.vvs-pv.cz\/nakupy\/","hasPart":[{"@type":"Article","@id":"https:\/\/www.vvs-pv.cz\/jak-efektivne-zhubnout\/","headline":"Jak efektivn\u011b zhubnout?","url":"https:\/\/www.vvs-pv.cz\/jak-efektivne-zhubnout\/","datePublished":"2021-11-27","dateModified":"2023-05-31","mainEntityOfPage":"https:\/\/www.vvs-pv.cz\/jak-efektivne-zhubnout\/","author":{"@type":"Person","@id":"https:\/\/www.vvs-pv.cz\/author\/#Person","name":"","url":"https:\/\/www.vvs-pv.cz\/author\/","identifier":1,"image":{"@type":"ImageObject","@id":"https:\/\/secure.gravatar.com\/avatar\/0dc285cbe86eecc8073f119fcb2e2c7032b51533f5bb47611c7d4a598558b8b7?s=96&d=mm&r=g","url":"https:\/\/secure.gravatar.com\/avatar\/0dc285cbe86eecc8073f119fcb2e2c7032b51533f5bb47611c7d4a598558b8b7?s=96&d=mm&r=g","height":96,"width":96}},"publisher":{"@type":"Organization","name":"vvs-pv.cz","logo":{"@type":"ImageObject","@id":"\/logo.png","url":"\/logo.png","width":600,"height":60}},"image":{"@type":"ImageObject","@id":"https:\/\/www.vvs-pv.cz\/wp-content\/uploads\/woman-5372717_960_720_2.jpg","url":"https:\/\/www.vvs-pv.cz\/wp-content\/uploads\/woman-5372717_960_720_2.jpg","height":0,"width":0},"keywords":null},{"@type":"Article","@id":"https:\/\/www.vvs-pv.cz\/stenatka-akita-inu-z-chovatelske-stanice-ken-ichi-ai-na-prodej\/","headline":"\u0160t\u011b\u0148\u00e1tka Akita Inu z chovatelsk\u00e9 stanice Ken&#8217;Ichi Ai   na prodej","url":"https:\/\/www.vvs-pv.cz\/stenatka-akita-inu-z-chovatelske-stanice-ken-ichi-ai-na-prodej\/","datePublished":"2021-10-30","dateModified":"2021-10-30","mainEntityOfPage":"https:\/\/www.vvs-pv.cz\/stenatka-akita-inu-z-chovatelske-stanice-ken-ichi-ai-na-prodej\/","author":{"@type":"Person","@id":"https:\/\/www.vvs-pv.cz\/author\/#Person","name":"","url":"https:\/\/www.vvs-pv.cz\/author\/","identifier":1,"image":{"@type":"ImageObject","@id":"https:\/\/secure.gravatar.com\/avatar\/0dc285cbe86eecc8073f119fcb2e2c7032b51533f5bb47611c7d4a598558b8b7?s=96&d=mm&r=g","url":"https:\/\/secure.gravatar.com\/avatar\/0dc285cbe86eecc8073f119fcb2e2c7032b51533f5bb47611c7d4a598558b8b7?s=96&d=mm&r=g","height":96,"width":96}},"publisher":{"@type":"Organization","name":"vvs-pv.cz","logo":{"@type":"ImageObject","@id":"\/logo.png","url":"\/logo.png","width":600,"height":60}},"image":{"@type":"ImageObject","@id":"https:\/\/www.vvs-pv.cz\/wp-content\/uploads\/father-and-son-1555088__340.jpg","url":"https:\/\/www.vvs-pv.cz\/wp-content\/uploads\/father-and-son-1555088__340.jpg","height":0,"width":0},"keywords":null},{"@type":"Article","@id":"https:\/\/www.vvs-pv.cz\/cepice-craft-a-zima-nema-sanci\/","headline":"\u010cepice Craft a zima nem\u00e1 \u0161anci","url":"https:\/\/www.vvs-pv.cz\/cepice-craft-a-zima-nema-sanci\/","datePublished":"2021-10-25","dateModified":"2021-10-25","mainEntityOfPage":"https:\/\/www.vvs-pv.cz\/cepice-craft-a-zima-nema-sanci\/","author":{"@type":"Person","@id":"https:\/\/www.vvs-pv.cz\/author\/#Person","name":"","url":"https:\/\/www.vvs-pv.cz\/author\/","identifier":1,"image":{"@type":"ImageObject","@id":"https:\/\/secure.gravatar.com\/avatar\/0dc285cbe86eecc8073f119fcb2e2c7032b51533f5bb47611c7d4a598558b8b7?s=96&d=mm&r=g","url":"https:\/\/secure.gravatar.com\/avatar\/0dc285cbe86eecc8073f119fcb2e2c7032b51533f5bb47611c7d4a598558b8b7?s=96&d=mm&r=g","height":96,"width":96}},"publisher":{"@type":"Organization","name":"vvs-pv.cz","logo":{"@type":"ImageObject","@id":"\/logo.png","url":"\/logo.png","width":600,"height":60}},"image":{"@type":"ImageObject","@id":"https:\/\/www.vvs-pv.cz\/wp-content\/uploads\/CRAFT1.jpg","url":"https:\/\/www.vvs-pv.cz\/wp-content\/uploads\/CRAFT1.jpg","height":0,"width":0},"keywords":null},{"@type":"Article","@id":"https:\/\/www.vvs-pv.cz\/kamenne-obklady-do-interieru-jsou-skvelou-volbou\/","headline":"Kamenn\u00e9 obklady do interi\u00e9ru jsou skv\u011blou volbou","url":"https:\/\/www.vvs-pv.cz\/kamenne-obklady-do-interieru-jsou-skvelou-volbou\/","datePublished":"2021-10-07","dateModified":"2023-09-19","mainEntityOfPage":"https:\/\/www.vvs-pv.cz\/kamenne-obklady-do-interieru-jsou-skvelou-volbou\/","author":{"@type":"Person","@id":"https:\/\/www.vvs-pv.cz\/author\/#Person","name":"","url":"https:\/\/www.vvs-pv.cz\/author\/","identifier":1,"image":{"@type":"ImageObject","@id":"https:\/\/secure.gravatar.com\/avatar\/0dc285cbe86eecc8073f119fcb2e2c7032b51533f5bb47611c7d4a598558b8b7?s=96&d=mm&r=g","url":"https:\/\/secure.gravatar.com\/avatar\/0dc285cbe86eecc8073f119fcb2e2c7032b51533f5bb47611c7d4a598558b8b7?s=96&d=mm&r=g","height":96,"width":96}},"publisher":{"@type":"Organization","name":"vvs-pv.cz","logo":{"@type":"ImageObject","@id":"\/logo.png","url":"\/logo.png","width":600,"height":60}},"image":{"@type":"ImageObject","@id":"https:\/\/www.vvs-pv.cz\/wp-content\/uploads\/kamenn%C3%BD%20obkl%C3%A1dek.PNG","url":"https:\/\/www.vvs-pv.cz\/wp-content\/uploads\/kamenn%C3%BD%20obkl%C3%A1dek.PNG","height":0,"width":0},"keywords":null},{"@type":"Article","@id":"https:\/\/www.vvs-pv.cz\/opomijene-damske-saty\/","headline":"Opom\u00edjen\u00e9 d\u00e1msk\u00e9 \u0161aty","url":"https:\/\/www.vvs-pv.cz\/opomijene-damske-saty\/","datePublished":"2021-09-19","dateModified":"2023-05-31","mainEntityOfPage":"https:\/\/www.vvs-pv.cz\/opomijene-damske-saty\/","author":{"@type":"Person","@id":"https:\/\/www.vvs-pv.cz\/author\/#Person","name":"","url":"https:\/\/www.vvs-pv.cz\/author\/","identifier":1,"image":{"@type":"ImageObject","@id":"https:\/\/secure.gravatar.com\/avatar\/0dc285cbe86eecc8073f119fcb2e2c7032b51533f5bb47611c7d4a598558b8b7?s=96&d=mm&r=g","url":"https:\/\/secure.gravatar.com\/avatar\/0dc285cbe86eecc8073f119fcb2e2c7032b51533f5bb47611c7d4a598558b8b7?s=96&d=mm&r=g","height":96,"width":96}},"publisher":{"@type":"Organization","name":"vvs-pv.cz","logo":{"@type":"ImageObject","@id":"\/logo.png","url":"\/logo.png","width":600,"height":60}},"image":{"@type":"ImageObject","@id":"https:\/\/www.vvs-pv.cz\/wp-content\/uploads\/saty_3.jpg","url":"https:\/\/www.vvs-pv.cz\/wp-content\/uploads\/saty_3.jpg","height":0,"width":0},"keywords":null},{"@type":"Article","@id":"https:\/\/www.vvs-pv.cz\/bublinkova-folie-idealni-balici-material\/","headline":"Bublinkov\u00e1 f\u00f3lie \u2013 ide\u00e1ln\u00ed balic\u00ed materi\u00e1l","url":"https:\/\/www.vvs-pv.cz\/bublinkova-folie-idealni-balici-material\/","datePublished":"2021-07-18","dateModified":"2023-05-31","mainEntityOfPage":"https:\/\/www.vvs-pv.cz\/bublinkova-folie-idealni-balici-material\/","author":{"@type":"Person","@id":"https:\/\/www.vvs-pv.cz\/author\/#Person","name":"","url":"https:\/\/www.vvs-pv.cz\/author\/","identifier":1,"image":{"@type":"ImageObject","@id":"https:\/\/secure.gravatar.com\/avatar\/0dc285cbe86eecc8073f119fcb2e2c7032b51533f5bb47611c7d4a598558b8b7?s=96&d=mm&r=g","url":"https:\/\/secure.gravatar.com\/avatar\/0dc285cbe86eecc8073f119fcb2e2c7032b51533f5bb47611c7d4a598558b8b7?s=96&d=mm&r=g","height":96,"width":96}},"publisher":{"@type":"Organization","name":"vvs-pv.cz","logo":{"@type":"ImageObject","@id":"\/logo.png","url":"\/logo.png","width":600,"height":60}},"image":{"@type":"ImageObject","@id":"https:\/\/www.vvs-pv.cz\/wp-content\/uploads\/balen%C3%AD%20v%C4%9Bc%C3%AD_9.jpg","url":"https:\/\/www.vvs-pv.cz\/wp-content\/uploads\/balen%C3%AD%20v%C4%9Bc%C3%AD_9.jpg","height":0,"width":0},"keywords":null},{"@type":"Article","@id":"https:\/\/www.vvs-pv.cz\/zarizovani-nove-loznice\/","headline":"Za\u0159izov\u00e1n\u00ed nov\u00e9 lo\u017enice","url":"https:\/\/www.vvs-pv.cz\/zarizovani-nove-loznice\/","datePublished":"2021-05-22","dateModified":"2023-05-31","mainEntityOfPage":"https:\/\/www.vvs-pv.cz\/zarizovani-nove-loznice\/","author":{"@type":"Person","@id":"https:\/\/www.vvs-pv.cz\/author\/#Person","name":"","url":"https:\/\/www.vvs-pv.cz\/author\/","identifier":1,"image":{"@type":"ImageObject","@id":"https:\/\/secure.gravatar.com\/avatar\/0dc285cbe86eecc8073f119fcb2e2c7032b51533f5bb47611c7d4a598558b8b7?s=96&d=mm&r=g","url":"https:\/\/secure.gravatar.com\/avatar\/0dc285cbe86eecc8073f119fcb2e2c7032b51533f5bb47611c7d4a598558b8b7?s=96&d=mm&r=g","height":96,"width":96}},"publisher":{"@type":"Organization","name":"vvs-pv.cz","logo":{"@type":"ImageObject","@id":"\/logo.png","url":"\/logo.png","width":600,"height":60}},"image":{"@type":"ImageObject","@id":"https:\/\/www.vvs-pv.cz\/wp-content\/uploads\/bud%C3%ADk%20v%20lo%C5%BEnici.jpg","url":"https:\/\/www.vvs-pv.cz\/wp-content\/uploads\/bud%C3%ADk%20v%20lo%C5%BEnici.jpg","height":0,"width":0},"keywords":null},{"@type":"Article","@id":"https:\/\/www.vvs-pv.cz\/prospesne-rostliny-pro-zdravi\/","headline":"Prosp\u011b\u0161n\u00e9 rostliny pro zdrav\u00ed","url":"https:\/\/www.vvs-pv.cz\/prospesne-rostliny-pro-zdravi\/","datePublished":"2020-12-25","dateModified":"2024-04-05","mainEntityOfPage":"https:\/\/www.vvs-pv.cz\/prospesne-rostliny-pro-zdravi\/","author":{"@type":"Person","@id":"https:\/\/www.vvs-pv.cz\/author\/#Person","name":"","url":"https:\/\/www.vvs-pv.cz\/author\/","identifier":1,"image":{"@type":"ImageObject","@id":"https:\/\/secure.gravatar.com\/avatar\/0dc285cbe86eecc8073f119fcb2e2c7032b51533f5bb47611c7d4a598558b8b7?s=96&d=mm&r=g","url":"https:\/\/secure.gravatar.com\/avatar\/0dc285cbe86eecc8073f119fcb2e2c7032b51533f5bb47611c7d4a598558b8b7?s=96&d=mm&r=g","height":96,"width":96}},"publisher":{"@type":"Organization","name":"vvs-pv.cz","logo":{"@type":"ImageObject","@id":"\/logo.png","url":"\/logo.png","width":600,"height":60}},"image":{"@type":"ImageObject","@id":"https:\/\/www.vvs-pv.cz\/wp-content\/uploads\/ryby%20v%20oce%C3%A1nu.jpg","url":"https:\/\/www.vvs-pv.cz\/wp-content\/uploads\/ryby%20v%20oce%C3%A1nu.jpg","height":0,"width":0},"keywords":null},{"@type":"Article","@id":"https:\/\/www.vvs-pv.cz\/prirodni-ci-bezna-kosmetika\/","headline":"P\u0159\u00edrodn\u00ed \u010di b\u011b\u017en\u00e1 kosmetika?","url":"https:\/\/www.vvs-pv.cz\/prirodni-ci-bezna-kosmetika\/","datePublished":"2020-12-20","dateModified":"2023-05-31","mainEntityOfPage":"https:\/\/www.vvs-pv.cz\/prirodni-ci-bezna-kosmetika\/","author":{"@type":"Person","@id":"https:\/\/www.vvs-pv.cz\/author\/#Person","name":"","url":"https:\/\/www.vvs-pv.cz\/author\/","identifier":1,"image":{"@type":"ImageObject","@id":"https:\/\/secure.gravatar.com\/avatar\/0dc285cbe86eecc8073f119fcb2e2c7032b51533f5bb47611c7d4a598558b8b7?s=96&d=mm&r=g","url":"https:\/\/secure.gravatar.com\/avatar\/0dc285cbe86eecc8073f119fcb2e2c7032b51533f5bb47611c7d4a598558b8b7?s=96&d=mm&r=g","height":96,"width":96}},"publisher":{"@type":"Organization","name":"vvs-pv.cz","logo":{"@type":"ImageObject","@id":"\/logo.png","url":"\/logo.png","width":600,"height":60}},"image":{"@type":"ImageObject","@id":"https:\/\/www.vvs-pv.cz\/wp-content\/uploads\/koule%20do%20koupele.jpg","url":"https:\/\/www.vvs-pv.cz\/wp-content\/uploads\/koule%20do%20koupele.jpg","height":0,"width":0},"keywords":null},{"@type":"Article","@id":"https:\/\/www.vvs-pv.cz\/masinka-tomas-muze-vest-deti-k-pozitivnimu-vztahu-k-vlakove-doprave\/","headline":"Ma\u0161inka Tom\u00e1\u0161 m\u016f\u017ee v\u00e9st d\u011bti k pozitivn\u00edmu vztahu k vlakov\u00e9 doprav\u011b","url":"https:\/\/www.vvs-pv.cz\/masinka-tomas-muze-vest-deti-k-pozitivnimu-vztahu-k-vlakove-doprave\/","datePublished":"2020-11-04","dateModified":"2024-07-07","mainEntityOfPage":"https:\/\/www.vvs-pv.cz\/masinka-tomas-muze-vest-deti-k-pozitivnimu-vztahu-k-vlakove-doprave\/","author":{"@type":"Person","@id":"https:\/\/www.vvs-pv.cz\/author\/#Person","name":"","url":"https:\/\/www.vvs-pv.cz\/author\/","identifier":1,"image":{"@type":"ImageObject","@id":"https:\/\/secure.gravatar.com\/avatar\/0dc285cbe86eecc8073f119fcb2e2c7032b51533f5bb47611c7d4a598558b8b7?s=96&d=mm&r=g","url":"https:\/\/secure.gravatar.com\/avatar\/0dc285cbe86eecc8073f119fcb2e2c7032b51533f5bb47611c7d4a598558b8b7?s=96&d=mm&r=g","height":96,"width":96}},"publisher":{"@type":"Organization","name":"vvs-pv.cz","logo":{"@type":"ImageObject","@id":"\/logo.png","url":"\/logo.png","width":600,"height":60}},"image":{"@type":"ImageObject","@id":"https:\/\/www.vvs-pv.cz\/wp-content\/uploads\/vlak%20na%20viaduktu.jpg","url":"https:\/\/www.vvs-pv.cz\/wp-content\/uploads\/vlak%20na%20viaduktu.jpg","height":0,"width":0},"keywords":null}]}