[{"@context":"https:\/\/schema.org\/","@type":"Article","@id":"https:\/\/www.vvs-pv.cz\/kamenne-obklady-do-interieru-jsou-skvelou-volbou\/#Article","mainEntityOfPage":"https:\/\/www.vvs-pv.cz\/kamenne-obklady-do-interieru-jsou-skvelou-volbou\/","headline":"Kamenn\u00e9 obklady do interi\u00e9ru jsou skv\u011blou volbou","name":"Kamenn\u00e9 obklady do interi\u00e9ru jsou skv\u011blou volbou","description":"Pokud je n\u011bco, co v posledn\u00ed dob\u011b zva\u017euje \u010d\u00edm d\u00e1l t\u00edm v\u00edce lid\u00ed, pak jsou to kamenn\u00e9 obklady. N\u011bco takov\u00e9ho&hellip;","datePublished":"2021-10-07","dateModified":"2023-09-19","author":{"@type":"Person","@id":"https:\/\/www.vvs-pv.cz\/author\/#Person","name":"","url":"https:\/\/www.vvs-pv.cz\/author\/","identifier":1,"image":{"@type":"ImageObject","@id":"https:\/\/secure.gravatar.com\/avatar\/0dc285cbe86eecc8073f119fcb2e2c7032b51533f5bb47611c7d4a598558b8b7?s=96&d=mm&r=g","url":"https:\/\/secure.gravatar.com\/avatar\/0dc285cbe86eecc8073f119fcb2e2c7032b51533f5bb47611c7d4a598558b8b7?s=96&d=mm&r=g","height":96,"width":96}},"publisher":{"@type":"Organization","name":"vvs-pv.cz","logo":{"@type":"ImageObject","@id":"\/logo.png","url":"\/logo.png","width":600,"height":60}},"image":{"@type":"ImageObject","@id":"https:\/\/www.vvs-pv.cz\/wp-content\/uploads\/kamenn%C3%BD%20obkl%C3%A1dek.PNG","url":"https:\/\/www.vvs-pv.cz\/wp-content\/uploads\/kamenn%C3%BD%20obkl%C3%A1dek.PNG","height":0,"width":0},"url":"https:\/\/www.vvs-pv.cz\/kamenne-obklady-do-interieru-jsou-skvelou-volbou\/","about":["N\u00e1kupy"],"wordCount":448,"articleBody":"Pokud je n\u011bco, co v posledn\u00ed dob\u011b zva\u017euje \u010d\u00edm d\u00e1l t\u00edm v\u00edce lid\u00ed, pak jsou to kamenn\u00e9 obklady. N\u011bco takov\u00e9ho vypad\u00e1 po estetick\u00e9 str\u00e1nce v\u00edce ne\u017e dob\u0159e. Pokud se i v\u00e1m n\u011bco takov\u00e9ho l\u00edb\u00ed, pak jestli je n\u011bco, \u010deho m\u016f\u017eete vyu\u017e\u00edt, jsou to kamenn\u00e9 obklady do interi\u00e9ru. Rozhodn\u011b se nebojte toho, \u017ee by se n\u011bco takov\u00e9ho nehodilo pr\u00e1v\u011b do va\u0161eho interi\u00e9ru. Jist\u011b bude.Kamenn\u00fdch obklad\u016f, kter\u00e9 se daj\u00ed do interi\u00e9r\u016f pou\u017e\u00edt, je mnoho. Sta\u010d\u00ed si jen vybrat to, co by se pr\u00e1v\u011b v\u00e1m v\u00edce ne\u017e l\u00edbilo. \u010c\u00edm d\u0159\u00edve se po n\u011b\u010dem takov\u00e9m pod\u00edv\u00e1te, t\u00edm rozhodn\u011b l\u00e9pe, jeliko\u017e si tak budete moct ud\u011blat p\u0159edstavu o tom, do \u010deho byste mohli zainvestovat.Ur\u010dit\u011b by bylo v\u00edce ne\u017e dobr\u00e9 si n\u011bco takov\u00e9ho promyslet nebo se o n\u011b\u010dem takov\u00e9m poradit s n\u011bk\u00fdm, kdo se zab\u00fdv\u00e1 interi\u00e9ry a kdo by v\u00e1m \u0159ekl, co by se pr\u00e1v\u011b do va\u0161eho interi\u00e9ru v\u00edce ne\u017e hodilo. Je na v\u00e1s, jak se rozhodnete, ale pevn\u011b v\u011b\u0159\u00edme, \u017ee i ve va\u0161em interi\u00e9ru by nemuselo b\u00fdt n\u011bco takov\u00e9ho na \u0161kodu.Kamenn\u00e9 obklady jsou zde opravdu pro ka\u017ed\u00e9ho a ka\u017ed\u00fd, kdo m\u00e1 z\u00e1jem, si n\u011bco takov\u00e9ho m\u016f\u017ee po\u0159\u00eddit a to a\u0165 u\u017e do exteri\u00e9ru nebo i interi\u00e9ru. Ani exteri\u00e9rov\u00e9 kamenn\u00e9 obklady nen\u00ed probl\u00e9m v dne\u0161n\u00ed dob\u011b sehnat. Sta\u010d\u00ed se jen pod\u00edvat na webov\u00e9 str\u00e1nky spole\u010dnosti, kter\u00e1 n\u011bco takov\u00e9ho nab\u00edz\u00ed a to za rozumn\u00e9 ceny.I vy si n\u011bco takov\u00e9ho m\u016f\u017eete po\u0159\u00eddit za p\u00e1r korun. V\u011b\u0159\u00edme, \u017ee byste mohli b\u00fdt v\u00edce ne\u017e spokojeni. Sta\u010d\u00ed jen vyu\u017e\u00edt toho, \u017ee je zde pro v\u00e1s spole\u010dnost, kter\u00e1 se bude sna\u017eit o to, abyste byli v\u00edce ne\u017e spokojeni. Opravdu ka\u017ed\u00fd klient m\u016f\u017ee b\u00fdt spokojen\u00fd, pokud se rozhodne vyu\u017e\u00edt pr\u00e1v\u011b t\u00e9to spole\u010dnosti, kter\u00e1 zde pro v\u00e1s je. Je to zcela na v\u00e1s.Je na v\u00e1s tak\u00e9 to, kde se po kamenn\u00fdch obkladech pod\u00edv\u00e1te. \u010c\u00edm ale d\u0159\u00edve zvol\u00edte spole\u010dnost, kter\u00e1 by v\u00e1m mohla vyhovovat, t\u00edm rozhodn\u011b l\u00e9pe. I vy ji\u017e velmi brzy m\u016f\u017eete m\u00edt ve va\u0161\u00ed dom\u00e1cnosti \u010di ve va\u0161em exteri\u00e9ru to, s \u010d\u00edm byste mohli b\u00fdt spokojeni.                                                                                                                                                                                                                                                                                                                                                                                         4.7\/5 - (3 votes)        "},{"@context":"https:\/\/schema.org\/","@type":"BreadcrumbList","itemListElement":[{"@type":"ListItem","position":1,"name":"Kamenn\u00e9 obklady do interi\u00e9ru jsou skv\u011blou volbou","item":"https:\/\/www.vvs-pv.cz\/kamenne-obklady-do-interieru-jsou-skvelou-volbou\/#breadcrumbitem"}]}]