[{"@context":"https:\/\/schema.org\/","@type":"Article","@id":"https:\/\/www.vvs-pv.cz\/jsme-ve-dvou-velkych-mestech\/#Article","mainEntityOfPage":"https:\/\/www.vvs-pv.cz\/jsme-ve-dvou-velkych-mestech\/","headline":"Jsme ve dvou velk\u00fdch m\u011bstech","name":"Jsme ve dvou velk\u00fdch m\u011bstech","description":"A\u0165 u\u017e bydl\u00edte na kter\u00e9koliv stran\u011b \u010cesk\u00e9 republiky, potom pro V\u00e1s m\u00e1me skv\u011blou zpr\u00e1vu. Na\u0161i spole\u010dnost m\u016f\u017eete nav\u0161t\u00edvit, a\u0165 u\u017e&hellip;","datePublished":"2024-04-26","dateModified":"2024-04-26","author":{"@type":"Person","@id":"https:\/\/www.vvs-pv.cz\/author\/#Person","name":"","url":"https:\/\/www.vvs-pv.cz\/author\/","identifier":1,"image":{"@type":"ImageObject","@id":"https:\/\/secure.gravatar.com\/avatar\/0dc285cbe86eecc8073f119fcb2e2c7032b51533f5bb47611c7d4a598558b8b7?s=96&d=mm&r=g","url":"https:\/\/secure.gravatar.com\/avatar\/0dc285cbe86eecc8073f119fcb2e2c7032b51533f5bb47611c7d4a598558b8b7?s=96&d=mm&r=g","height":96,"width":96}},"publisher":{"@type":"Organization","name":"vvs-pv.cz","logo":{"@type":"ImageObject","@id":"\/logo.png","url":"\/logo.png","width":600,"height":60}},"url":"https:\/\/www.vvs-pv.cz\/jsme-ve-dvou-velkych-mestech\/","wordCount":248,"articleBody":"A\u0165 u\u017e bydl\u00edte na kter\u00e9koliv stran\u011b \u010cesk\u00e9 republiky, potom pro V\u00e1s m\u00e1me skv\u011blou zpr\u00e1vu. Na\u0161i spole\u010dnost m\u016f\u017eete nav\u0161t\u00edvit, a\u0165 u\u017e jste odkudkoliv. Nach\u00e1z\u00edme se v Ostrav\u011b a v Praze, proto nev\u00e1hejte a poct\u011bte n\u00e1s svou n\u00e1v\u0161t\u011bvou i Vy! Na\u0161e venkovn\u00ed v\u00ed\u0159ivka ur\u010dit\u011b uspokoj\u00ed ka\u017ed\u00e9ho u\u017eivatele tohoto fantastick\u00e9ho za\u0159\u00edzen\u00ed, proto pokud se chcete skute\u010dn\u011b uvolnit a za\u017e\u00edt chv\u00edle opravdov\u00e9ho klidu, potom si ur\u010dit\u011b po\u0159i\u010fte toto jedine\u010dn\u00e9 za\u0159\u00edzen\u00ed i Vy! Jsme p\u0159esv\u011bd\u010deni, \u017ee nebudete litovat a na\u010derp\u00e1te nov\u00e9 s\u00edly. Nav\u00edc m\u016f\u017eete pozvat v\u0161echny sv\u00e9 p\u0159\u00e1tele a u\u017e\u00edt si tyto jedine\u010dn\u00e9 chv\u00edle i s nimi. V\u011b\u0159\u00edme, \u017ee V\u00e1m v\u0161ichni budou ti\u0161e z\u00e1vid\u011bt a budou V\u00e1s velice r\u00e1di nav\u0161t\u011bvovat, d\u00edky tomuto za\u0159\u00edzen\u00ed.\tZeptejte se n\u00e1sNa na\u0161ich internetov\u00fdch str\u00e1nk\u00e1ch naleznete v\u0161echno pot\u0159ebn\u00e9 mno\u017estv\u00ed informac\u00ed, ale pokud byste se n\u00e1s cht\u011bli je\u0161t\u011b na cokoliv zeptat, potom se ur\u010dit\u011b ni\u010deho nebojte a ozv\u011bte se n\u00e1m. Venkovn\u00ed v\u00ed\u0159ivka je ur\u010dit\u011b tou spr\u00e1vnou volbou, pokud se chcete uvolnit a na\u010derpat novou energii, proto u\u017e na nic ne\u010dekejte a ozv\u011bte se n\u00e1m!                                                                                                                                                                                                                                                                                                                                                                                        4.6\/5 - (5 votes)        "},{"@context":"https:\/\/schema.org\/","@type":"BreadcrumbList","itemListElement":[{"@type":"ListItem","position":1,"name":"Jsme ve dvou velk\u00fdch m\u011bstech","item":"https:\/\/www.vvs-pv.cz\/jsme-ve-dvou-velkych-mestech\/#breadcrumbitem"}]}]