[{"@context":"https:\/\/schema.org\/","@type":"Article","@id":"https:\/\/www.vvs-pv.cz\/deti-za-ktere-se-nebudete-stydet\/#Article","mainEntityOfPage":"https:\/\/www.vvs-pv.cz\/deti-za-ktere-se-nebudete-stydet\/","headline":"D\u011bti, za kter\u00e9 se nebudete styd\u011bt","name":"D\u011bti, za kter\u00e9 se nebudete styd\u011bt","description":"Chov\u00e1n\u00ed d\u011bt\u00ed m\u016f\u017eete jako rodi\u010de do zna\u010dn\u00e9 m\u00edry ovlivnit, ale i zm\u011bnit k lep\u0161\u00edmu. V\u0161ichni rodi\u010de se sna\u017e\u00ed o to,&hellip;","datePublished":"2023-05-31","dateModified":"2023-05-31","author":{"@type":"Person","@id":"https:\/\/www.vvs-pv.cz\/author\/#Person","name":"","url":"https:\/\/www.vvs-pv.cz\/author\/","identifier":1,"image":{"@type":"ImageObject","@id":"https:\/\/secure.gravatar.com\/avatar\/0dc285cbe86eecc8073f119fcb2e2c7032b51533f5bb47611c7d4a598558b8b7?s=96&d=mm&r=g","url":"https:\/\/secure.gravatar.com\/avatar\/0dc285cbe86eecc8073f119fcb2e2c7032b51533f5bb47611c7d4a598558b8b7?s=96&d=mm&r=g","height":96,"width":96}},"publisher":{"@type":"Organization","name":"vvs-pv.cz","logo":{"@type":"ImageObject","@id":"\/logo.png","url":"\/logo.png","width":600,"height":60}},"image":{"@type":"ImageObject","@id":"https:\/\/www.vvs-pv.cz\/wp-content\/uploads\/img_a339718_w2592_t1552830879.jpg","url":"https:\/\/www.vvs-pv.cz\/wp-content\/uploads\/img_a339718_w2592_t1552830879.jpg","height":0,"width":0},"url":"https:\/\/www.vvs-pv.cz\/deti-za-ktere-se-nebudete-stydet\/","wordCount":487,"articleBody":"Chov\u00e1n\u00ed d\u011bt\u00ed m\u016f\u017eete jako rodi\u010de do zna\u010dn\u00e9 m\u00edry ovlivnit, ale i zm\u011bnit k lep\u0161\u00edmu.V\u0161ichni rodi\u010de se sna\u017e\u00ed o to, aby jejich d\u011bti byly uk\u00e1zkov\u00e9 a chovaly se ve spole\u010dnosti ostatn\u00edch (ale i p\u0159ed nimi) tak, jak se pat\u0159\u00ed. Ne v\u017edy v\u0161ak k tomuto c\u00edli dosp\u011bjeme a mnohdy se st\u00e1v\u00e1, \u017ee se za vystupov\u00e1n\u00ed vlastn\u00edch d\u011bt\u00ed a jejich vyjad\u0159ov\u00e1n\u00ed emoc\u00ed \u2013 styd\u00edme.\tKa\u017ed\u00e9 d\u00edt\u011b pot\u0159ebuje autorituRespekt v\u016f\u010di v\u00e1m, si m\u016f\u017eou va\u0161e d\u011bti vybudovat u\u017e od mali\u010dka. Chce to v\u0161ak st\u00e1t si za va\u0161im rozhodnut\u00edm i v p\u0159\u00edpad\u011b, \u017ee m\u00e1te chu\u0165 polevit. Jedin\u011b tak va\u0161e d\u011bti pochop\u00ed a nau\u010d\u00ed se, \u017ee va\u0161e slovo plat\u00ed za v\u0161ech podm\u00ednek a je pot\u0159eba, aby v\u00e1s respektovaly.B\u00fdv\u00e1 v\u0161ak zvykem, \u017ee d\u011bti sv\u00e9 rodi\u010de neberou jako ten nejv\u011bt\u0161\u00ed vzor a mnohdy si z jejich z\u00e1kaz\u016f a v\u00fdhr\u016f\u017eek \u2013 nic ned\u011blaj\u00ed. Je tedy na m\u00edst\u011b poskytnout jim i jinou autoritu, kter\u00e1 na nich bude m\u00edt z\u00e1sadn\u00ed vliv a zm\u011bn\u00ed jejich \u201enezvladateln\u00e9 chov\u00e1n\u00ed\u201c na lep\u0161\u00ed \u00farove\u0148. M\u016f\u017ee se jednat o u\u010ditel\u00e9 ve \u0161kolce nebo ve \u0161kole (pop\u0159\u00edpad\u011b v krou\u017eku), ov\u0161em \u0159\u00e1d a pravidla z\u00edskaj\u00ed i d\u00edky rodinn\u00fdm p\u0159\u00edslu\u0161n\u00edk\u016fm. Star\u0161\u00ed \u010dlenov\u00e9 rodiny maj\u00ed p\u0159\u00edzniv\u00fd a prosp\u011b\u0161n\u00fd vliv na mal\u00e9 d\u011bti, kter\u00e9 po\u017eadavky rodi\u010d\u016f ignoruj\u00ed.Babi\u010dka, d\u011bde\u010dek, teti\u010dka nebo str\u00fdc, m\u016f\u017eou b\u00fdt tedy pro va\u0161e d\u011bti dostate\u010dn\u011b p\u0159\u00edkladn\u00fdm vzorem, kter\u00fd jejich n\u00e1valy emoc\u00ed a man\u00fdry jednou prov\u017edy zm\u00edrn\u00ed.\tNem\u00e9n\u011b z\u00e1sadn\u00ed je i to, s k\u00fdm se va\u0161e d\u011bti st\u00fdkaj\u00edSpole\u010dnost, ve kter\u00e9 se pohybuj\u00ed va\u0161e d\u011bti, jich m\u016f\u017ee do v\u00fdrazn\u00e9 m\u00edry ovlivnit k tomu, jak se budou chovat a rovn\u011b\u017e i to, jestli se za sv\u00e9 ratolesti budete muset styd\u011bt. Pohybujte se tedy v kruz\u00edch p\u0159\u00e1tel, kter\u00e9 va\u0161im d\u011btem m\u016f\u017eou b\u00fdt p\u0159\u00edkladem a nenau\u010d\u00ed jich kdejak\u00e9 lump\u00e1rny. Ka\u017ed\u00fd spr\u00e1vn\u00fd rodi\u010d si mus\u00ed b\u00fdt v\u011bdom\u00fd toho, jak podstatn\u00fd je v\u00fdb\u011br kamar\u00e1d\u016f pro jeho d\u00edt\u011b, kter\u00e9 m\u016f\u017ee b\u00fdt i d\u00edky nim \u2013 podstatn\u011b hodn\u011bj\u0161\u00ed a vzorn\u00e9 v ka\u017ed\u00e9 situaci, kter\u00e1 to vy\u017eaduje.Najd\u011bte tedy va\u0161im d\u011btem vrstevn\u00edky, o kter\u00fdch jste p\u0159esv\u011bd\u010deni, \u017ee jsou dobrou partou a neodnesou si od nich r\u016fzn\u00e9 ne\u0161vary, d\u00edky kter\u00fdm se budete muset za sv\u00e9 potomky styd\u011bt v\u0161ude, kam vkro\u010d\u00edte.                                                                                                                                                                                                                                                                                                                                                                                        4.1\/5 - (15 votes)        "},{"@context":"https:\/\/schema.org\/","@type":"BreadcrumbList","itemListElement":[{"@type":"ListItem","position":1,"name":"D\u011bti, za kter\u00e9 se nebudete styd\u011bt","item":"https:\/\/www.vvs-pv.cz\/deti-za-ktere-se-nebudete-stydet\/#breadcrumbitem"}]}]