{"@context":"https:\/\/schema.org\/","@type":"CollectionPage","@id":"https:\/\/www.vvs-pv.cz\/auto\/#CollectionPage","headline":"Auto Category","description":"","url":"https:\/\/www.vvs-pv.cz\/auto\/","hasPart":[{"@type":"Article","@id":"https:\/\/www.vvs-pv.cz\/skvele-auto\/","headline":"Skv\u011bl\u00e9 auto","url":"https:\/\/www.vvs-pv.cz\/skvele-auto\/","datePublished":"2022-03-02","dateModified":"2023-05-31","mainEntityOfPage":"https:\/\/www.vvs-pv.cz\/skvele-auto\/","author":{"@type":"Person","@id":"https:\/\/www.vvs-pv.cz\/author\/#Person","name":"","url":"https:\/\/www.vvs-pv.cz\/author\/","identifier":1,"image":{"@type":"ImageObject","@id":"https:\/\/secure.gravatar.com\/avatar\/0dc285cbe86eecc8073f119fcb2e2c7032b51533f5bb47611c7d4a598558b8b7?s=96&d=mm&r=g","url":"https:\/\/secure.gravatar.com\/avatar\/0dc285cbe86eecc8073f119fcb2e2c7032b51533f5bb47611c7d4a598558b8b7?s=96&d=mm&r=g","height":96,"width":96}},"publisher":{"@type":"Organization","name":"vvs-pv.cz","logo":{"@type":"ImageObject","@id":"\/logo.png","url":"\/logo.png","width":600,"height":60}},"image":{"@type":"ImageObject","@id":"https:\/\/www.vvs-pv.cz\/wp-content\/uploads\/car-4073514_960_720_2.jpg","url":"https:\/\/www.vvs-pv.cz\/wp-content\/uploads\/car-4073514_960_720_2.jpg","height":0,"width":0},"keywords":null},{"@type":"Article","@id":"https:\/\/www.vvs-pv.cz\/automobilovy-prumysl\/","headline":"Automobilov\u00fd pr\u016fmysl","url":"https:\/\/www.vvs-pv.cz\/automobilovy-prumysl\/","datePublished":"2019-11-24","dateModified":"2023-05-31","mainEntityOfPage":"https:\/\/www.vvs-pv.cz\/automobilovy-prumysl\/","author":{"@type":"Person","@id":"https:\/\/www.vvs-pv.cz\/author\/#Person","name":"","url":"https:\/\/www.vvs-pv.cz\/author\/","identifier":1,"image":{"@type":"ImageObject","@id":"https:\/\/secure.gravatar.com\/avatar\/0dc285cbe86eecc8073f119fcb2e2c7032b51533f5bb47611c7d4a598558b8b7?s=96&d=mm&r=g","url":"https:\/\/secure.gravatar.com\/avatar\/0dc285cbe86eecc8073f119fcb2e2c7032b51533f5bb47611c7d4a598558b8b7?s=96&d=mm&r=g","height":96,"width":96}},"publisher":{"@type":"Organization","name":"vvs-pv.cz","logo":{"@type":"ImageObject","@id":"\/logo.png","url":"\/logo.png","width":600,"height":60}},"image":{"@type":"ImageObject","@id":"https:\/\/www.vvs-pv.cz\/wp-content\/uploads\/img_a362049_w4327_t1575047878.jpg","url":"https:\/\/www.vvs-pv.cz\/wp-content\/uploads\/img_a362049_w4327_t1575047878.jpg","height":0,"width":0},"keywords":null},{"@type":"Article","@id":"https:\/\/www.vvs-pv.cz\/zimni-pneumatiky-nejvyssi-cas-na-prezuti\/","headline":"Zimn\u00ed pneumatiky \u2013 nejvy\u0161\u0161\u00ed \u010das na p\u0159ezut\u00ed","url":"https:\/\/www.vvs-pv.cz\/zimni-pneumatiky-nejvyssi-cas-na-prezuti\/","datePublished":"2019-10-20","dateModified":"2023-05-31","mainEntityOfPage":"https:\/\/www.vvs-pv.cz\/zimni-pneumatiky-nejvyssi-cas-na-prezuti\/","author":{"@type":"Person","@id":"https:\/\/www.vvs-pv.cz\/author\/#Person","name":"","url":"https:\/\/www.vvs-pv.cz\/author\/","identifier":1,"image":{"@type":"ImageObject","@id":"https:\/\/secure.gravatar.com\/avatar\/0dc285cbe86eecc8073f119fcb2e2c7032b51533f5bb47611c7d4a598558b8b7?s=96&d=mm&r=g","url":"https:\/\/secure.gravatar.com\/avatar\/0dc285cbe86eecc8073f119fcb2e2c7032b51533f5bb47611c7d4a598558b8b7?s=96&d=mm&r=g","height":96,"width":96}},"publisher":{"@type":"Organization","name":"vvs-pv.cz","logo":{"@type":"ImageObject","@id":"\/logo.png","url":"\/logo.png","width":600,"height":60}},"image":{"@type":"ImageObject","@id":"https:\/\/www.vvs-pv.cz\/wp-content\/uploads\/img_a357761_w3798_t1572171040.jpg","url":"https:\/\/www.vvs-pv.cz\/wp-content\/uploads\/img_a357761_w3798_t1572171040.jpg","height":0,"width":0},"keywords":null},{"@type":"Article","@id":"https:\/\/www.vvs-pv.cz\/mokre-cisteni-interieru-vozu\/","headline":"Mokr\u00e9 \u010dist\u011bn\u00ed interi\u00e9ru vozu","url":"https:\/\/www.vvs-pv.cz\/mokre-cisteni-interieru-vozu\/","datePublished":"2019-09-05","dateModified":"2023-05-31","mainEntityOfPage":"https:\/\/www.vvs-pv.cz\/mokre-cisteni-interieru-vozu\/","author":{"@type":"Person","@id":"https:\/\/www.vvs-pv.cz\/author\/#Person","name":"","url":"https:\/\/www.vvs-pv.cz\/author\/","identifier":1,"image":{"@type":"ImageObject","@id":"https:\/\/secure.gravatar.com\/avatar\/0dc285cbe86eecc8073f119fcb2e2c7032b51533f5bb47611c7d4a598558b8b7?s=96&d=mm&r=g","url":"https:\/\/secure.gravatar.com\/avatar\/0dc285cbe86eecc8073f119fcb2e2c7032b51533f5bb47611c7d4a598558b8b7?s=96&d=mm&r=g","height":96,"width":96}},"publisher":{"@type":"Organization","name":"vvs-pv.cz","logo":{"@type":"ImageObject","@id":"\/logo.png","url":"\/logo.png","width":600,"height":60}},"image":{"@type":"ImageObject","@id":"https:\/\/www.vvs-pv.cz\/wp-content\/uploads\/img_a355417_w3798_t1569695047.jpg","url":"https:\/\/www.vvs-pv.cz\/wp-content\/uploads\/img_a355417_w3798_t1569695047.jpg","height":0,"width":0},"keywords":null}]}